{"id":1787,"date":"2022-03-21T22:52:41","date_gmt":"2022-03-21T21:52:41","guid":{"rendered":"https:\/\/www.deinsen.de\/?p=1787"},"modified":"2022-03-23T20:33:04","modified_gmt":"2022-03-23T19:33:04","slug":"krieg-in-der-ukraiene","status":"publish","type":"post","link":"https:\/\/www.deinsen.de\/?p=1787","title":{"rendered":"Krieg in der Ukraine"},"content":{"rendered":"\n<p>Ab dem 24. Februar 2022 herscht in der Ukraine Krieg. Angesichts des sich ausweitenden Kriegs in der Ukraine werden Not und Leid der Ukrainerinnen und Ukrainer sowohl im Land als auch auf der Flucht und damit ihr Bedarf an humanit\u00e4rer Hilfe immer dringlicher und gr\u00f6\u00dfer. Auch das DRK Deinsen hat einen Spendenaufruf gestartet. Kurzfristig wurden bereits am Sa. 26.2.2022 die Sachspenden (2 PKW und 1 Anh\u00e4nger) bei der Kleiderkammer des DRK Nordstemmen abgegeben, damit diese verteilt werden k\u00f6nnen. Ein herzliches Dankesch\u00f6n an die Spender.<\/p>\n\n\n\n<p>(20.M\u00e4rz 2022) Im Flecken Eime wurde heute in einer gemeinsamen Aktion der Heimat- und Kulturvereine des Flecken und der Kirchengemeinde Eime-Deinsen ein Zeichen der Solidarit\u00e4t mit den Ukrainerinnen und Ukrainern gesetzt. Neun flei\u00dfige Damen haben in knapp 1 1\/2 Wochen eine 4&#215;12 Meter gro\u00dfe Fahne aus Stoffresten zusammengen\u00e4ht, die bei einer kleinen Gedenkfeier mit ca. 200 Teilnehmern unter Begleitung der drei musiktreibenden Vereine Spielmannszug Eime, Posaunenverein Eime e.V. und dem Posaunenchor Deinsen am Eimer Kirchturm entrollt wurde. Seit dem fr\u00fchen Nachmittag schm\u00fccken auch die Deinser Kirche und das Ehrenmal in Deinsen die Farben der Ukraine.<br>Wenn Sie also in den kommenden Tagen an einem der Orte vorbeikommen seien Sie in Gedanken bei den Ukrainerinnen und Ukrainern, die f\u00fcr ihre Heimat k\u00e4mpfen m\u00fcssen. Quelle: J\u00f6rg Stichnoth, B\u00fcrgermeister Flecken Eime<\/p>\n\n\n\n<figure class=\"wp-block-gallery columns-2 is-cropped wp-block-gallery-1 is-layout-flex wp-block-gallery-is-layout-flex\"><ul class=\"blocks-gallery-grid\"><li class=\"blocks-gallery-item\"><figure><a href=\"https:\/\/www.deinsen.de\/wp-content\/uploads\/2022\/Spende2.jpg\"><img loading=\"lazy\" decoding=\"async\" width=\"1024\" height=\"1024\" src=\"https:\/\/www.deinsen.de\/wp-content\/uploads\/2022\/Spende2-1024x1024.jpg\" alt=\"\" data-id=\"1788\" data-full-url=\"https:\/\/www.deinsen.de\/wp-content\/uploads\/2022\/Spende2.jpg\" data-link=\"https:\/\/www.deinsen.de\/?attachment_id=1788\" class=\"wp-image-1788\" srcset=\"https:\/\/www.deinsen.de\/wp-content\/uploads\/2022\/Spende2-1024x1024.jpg 1024w, https:\/\/www.deinsen.de\/wp-content\/uploads\/2022\/Spende2-300x300.jpg 300w, https:\/\/www.deinsen.de\/wp-content\/uploads\/2022\/Spende2-150x150.jpg 150w, https:\/\/www.deinsen.de\/wp-content\/uploads\/2022\/Spende2-768x768.jpg 768w, https:\/\/www.deinsen.de\/wp-content\/uploads\/2022\/Spende2.jpg 1080w\" sizes=\"auto, (max-width: 1024px) 100vw, 1024px\" \/><\/a><\/figure><\/li><li class=\"blocks-gallery-item\"><figure><a href=\"https:\/\/www.deinsen.de\/wp-content\/uploads\/2022\/Spende3.jpg\"><img loading=\"lazy\" decoding=\"async\" width=\"1024\" height=\"1024\" src=\"https:\/\/www.deinsen.de\/wp-content\/uploads\/2022\/Spende3-1024x1024.jpg\" alt=\"\" data-id=\"1789\" data-full-url=\"https:\/\/www.deinsen.de\/wp-content\/uploads\/2022\/Spende3.jpg\" data-link=\"https:\/\/www.deinsen.de\/?attachment_id=1789\" class=\"wp-image-1789\" srcset=\"https:\/\/www.deinsen.de\/wp-content\/uploads\/2022\/Spende3-1024x1024.jpg 1024w, https:\/\/www.deinsen.de\/wp-content\/uploads\/2022\/Spende3-300x300.jpg 300w, https:\/\/www.deinsen.de\/wp-content\/uploads\/2022\/Spende3-150x150.jpg 150w, https:\/\/www.deinsen.de\/wp-content\/uploads\/2022\/Spende3-768x768.jpg 768w, https:\/\/www.deinsen.de\/wp-content\/uploads\/2022\/Spende3.jpg 1080w\" sizes=\"auto, (max-width: 1024px) 100vw, 1024px\" \/><\/a><\/figure><\/li><li class=\"blocks-gallery-item\"><figure><a href=\"https:\/\/www.deinsen.de\/wp-content\/uploads\/2022\/Ukraine-Spende1.jpg\"><img loading=\"lazy\" decoding=\"async\" width=\"1024\" height=\"1024\" src=\"https:\/\/www.deinsen.de\/wp-content\/uploads\/2022\/Ukraine-Spende1-1024x1024.jpg\" alt=\"\" data-id=\"1794\" data-full-url=\"https:\/\/www.deinsen.de\/wp-content\/uploads\/2022\/Ukraine-Spende1.jpg\" data-link=\"https:\/\/www.deinsen.de\/?attachment_id=1794\" class=\"wp-image-1794\" srcset=\"https:\/\/www.deinsen.de\/wp-content\/uploads\/2022\/Ukraine-Spende1-1024x1024.jpg 1024w, https:\/\/www.deinsen.de\/wp-content\/uploads\/2022\/Ukraine-Spende1-300x300.jpg 300w, https:\/\/www.deinsen.de\/wp-content\/uploads\/2022\/Ukraine-Spende1-150x150.jpg 150w, https:\/\/www.deinsen.de\/wp-content\/uploads\/2022\/Ukraine-Spende1-768x768.jpg 768w, https:\/\/www.deinsen.de\/wp-content\/uploads\/2022\/Ukraine-Spende1.jpg 1080w\" sizes=\"auto, (max-width: 1024px) 100vw, 1024px\" \/><\/a><\/figure><\/li><li class=\"blocks-gallery-item\"><figure><a href=\"https:\/\/www.deinsen.de\/wp-content\/uploads\/2022\/Ukraine.jpg\"><img loading=\"lazy\" decoding=\"async\" width=\"1024\" height=\"683\" src=\"https:\/\/www.deinsen.de\/wp-content\/uploads\/2022\/Ukraine-1024x683.jpg\" alt=\"\" data-id=\"1795\" data-full-url=\"https:\/\/www.deinsen.de\/wp-content\/uploads\/2022\/Ukraine.jpg\" data-link=\"https:\/\/www.deinsen.de\/?attachment_id=1795\" class=\"wp-image-1795\" srcset=\"https:\/\/www.deinsen.de\/wp-content\/uploads\/2022\/Ukraine-1024x683.jpg 1024w, https:\/\/www.deinsen.de\/wp-content\/uploads\/2022\/Ukraine-300x200.jpg 300w, https:\/\/www.deinsen.de\/wp-content\/uploads\/2022\/Ukraine-768x512.jpg 768w, https:\/\/www.deinsen.de\/wp-content\/uploads\/2022\/Ukraine-1536x1024.jpg 1536w, https:\/\/www.deinsen.de\/wp-content\/uploads\/2022\/Ukraine-120x80.jpg 120w, https:\/\/www.deinsen.de\/wp-content\/uploads\/2022\/Ukraine.jpg 2048w\" sizes=\"auto, (max-width: 1024px) 100vw, 1024px\" \/><\/a><\/figure><\/li><li class=\"blocks-gallery-item\"><figure><a href=\"https:\/\/www.deinsen.de\/wp-content\/uploads\/2022\/Ukraine-Ehrenmal.jpg\"><img loading=\"lazy\" decoding=\"async\" width=\"768\" height=\"768\" src=\"https:\/\/www.deinsen.de\/wp-content\/uploads\/2022\/Ukraine-Ehrenmal.jpg\" alt=\"\" data-id=\"1790\" data-full-url=\"https:\/\/www.deinsen.de\/wp-content\/uploads\/2022\/Ukraine-Ehrenmal.jpg\" data-link=\"https:\/\/www.deinsen.de\/?attachment_id=1790\" class=\"wp-image-1790\" srcset=\"https:\/\/www.deinsen.de\/wp-content\/uploads\/2022\/Ukraine-Ehrenmal.jpg 768w, https:\/\/www.deinsen.de\/wp-content\/uploads\/2022\/Ukraine-Ehrenmal-300x300.jpg 300w, https:\/\/www.deinsen.de\/wp-content\/uploads\/2022\/Ukraine-Ehrenmal-150x150.jpg 150w\" sizes=\"auto, (max-width: 768px) 100vw, 768px\" \/><\/a><\/figure><\/li><li class=\"blocks-gallery-item\"><figure><a href=\"https:\/\/www.deinsen.de\/wp-content\/uploads\/2022\/Ukraine-Ehrenmal2.jpg\"><img loading=\"lazy\" decoding=\"async\" width=\"540\" height=\"540\" src=\"https:\/\/www.deinsen.de\/wp-content\/uploads\/2022\/Ukraine-Ehrenmal2.jpg\" alt=\"\" data-id=\"1791\" data-full-url=\"https:\/\/www.deinsen.de\/wp-content\/uploads\/2022\/Ukraine-Ehrenmal2.jpg\" data-link=\"https:\/\/www.deinsen.de\/?attachment_id=1791\" class=\"wp-image-1791\" srcset=\"https:\/\/www.deinsen.de\/wp-content\/uploads\/2022\/Ukraine-Ehrenmal2.jpg 540w, https:\/\/www.deinsen.de\/wp-content\/uploads\/2022\/Ukraine-Ehrenmal2-300x300.jpg 300w, https:\/\/www.deinsen.de\/wp-content\/uploads\/2022\/Ukraine-Ehrenmal2-150x150.jpg 150w\" sizes=\"auto, (max-width: 540px) 100vw, 540px\" \/><\/a><\/figure><\/li><li class=\"blocks-gallery-item\"><figure><a href=\"https:\/\/www.deinsen.de\/wp-content\/uploads\/2022\/Ukraine-Kirche.jpg\"><img loading=\"lazy\" decoding=\"async\" width=\"1024\" height=\"1024\" src=\"https:\/\/www.deinsen.de\/wp-content\/uploads\/2022\/Ukraine-Kirche-1024x1024.jpg\" alt=\"\" data-id=\"1792\" data-full-url=\"https:\/\/www.deinsen.de\/wp-content\/uploads\/2022\/Ukraine-Kirche.jpg\" data-link=\"https:\/\/www.deinsen.de\/?attachment_id=1792\" class=\"wp-image-1792\" srcset=\"https:\/\/www.deinsen.de\/wp-content\/uploads\/2022\/Ukraine-Kirche-1024x1024.jpg 1024w, https:\/\/www.deinsen.de\/wp-content\/uploads\/2022\/Ukraine-Kirche-300x300.jpg 300w, https:\/\/www.deinsen.de\/wp-content\/uploads\/2022\/Ukraine-Kirche-150x150.jpg 150w, https:\/\/www.deinsen.de\/wp-content\/uploads\/2022\/Ukraine-Kirche-768x768.jpg 768w, https:\/\/www.deinsen.de\/wp-content\/uploads\/2022\/Ukraine-Kirche.jpg 1080w\" sizes=\"auto, (max-width: 1024px) 100vw, 1024px\" \/><\/a><\/figure><\/li><li class=\"blocks-gallery-item\"><figure><a href=\"https:\/\/www.deinsen.de\/wp-content\/uploads\/2022\/Ukraine-Kirche2.jpg\"><img loading=\"lazy\" decoding=\"async\" width=\"720\" height=\"720\" src=\"https:\/\/www.deinsen.de\/wp-content\/uploads\/2022\/Ukraine-Kirche2.jpg\" alt=\"\" data-id=\"1793\" data-full-url=\"https:\/\/www.deinsen.de\/wp-content\/uploads\/2022\/Ukraine-Kirche2.jpg\" data-link=\"https:\/\/www.deinsen.de\/?attachment_id=1793\" class=\"wp-image-1793\" srcset=\"https:\/\/www.deinsen.de\/wp-content\/uploads\/2022\/Ukraine-Kirche2.jpg 720w, https:\/\/www.deinsen.de\/wp-content\/uploads\/2022\/Ukraine-Kirche2-300x300.jpg 300w, https:\/\/www.deinsen.de\/wp-content\/uploads\/2022\/Ukraine-Kirche2-150x150.jpg 150w\" sizes=\"auto, (max-width: 720px) 100vw, 720px\" \/><\/a><\/figure><\/li><\/ul><\/figure>\n","protected":false},"excerpt":{"rendered":"<p>Ab dem 24. Februar 2022 herscht in der Ukraine Krieg. Angesichts des sich ausweitenden Kriegs in der Ukraine werden Not und Leid der Ukrainerinnen und Ukrainer sowohl im Land als<\/p>\n","protected":false},"author":1,"featured_media":1792,"comment_status":"closed","ping_status":"closed","sticky":false,"template":"","format":"standard","meta":{"footnotes":""},"categories":[55],"tags":[45],"class_list":["post-1787","post","type-post","status-publish","format-standard","has-post-thumbnail","hentry","category-55","tag-deinsen"],"_links":{"self":[{"href":"https:\/\/www.deinsen.de\/index.php?rest_route=\/wp\/v2\/posts\/1787","targetHints":{"allow":["GET"]}}],"collection":[{"href":"https:\/\/www.deinsen.de\/index.php?rest_route=\/wp\/v2\/posts"}],"about":[{"href":"https:\/\/www.deinsen.de\/index.php?rest_route=\/wp\/v2\/types\/post"}],"author":[{"embeddable":true,"href":"https:\/\/www.deinsen.de\/index.php?rest_route=\/wp\/v2\/users\/1"}],"replies":[{"embeddable":true,"href":"https:\/\/www.deinsen.de\/index.php?rest_route=%2Fwp%2Fv2%2Fcomments&post=1787"}],"version-history":[{"count":3,"href":"https:\/\/www.deinsen.de\/index.php?rest_route=\/wp\/v2\/posts\/1787\/revisions"}],"predecessor-version":[{"id":1801,"href":"https:\/\/www.deinsen.de\/index.php?rest_route=\/wp\/v2\/posts\/1787\/revisions\/1801"}],"wp:featuredmedia":[{"embeddable":true,"href":"https:\/\/www.deinsen.de\/index.php?rest_route=\/wp\/v2\/media\/1792"}],"wp:attachment":[{"href":"https:\/\/www.deinsen.de\/index.php?rest_route=%2Fwp%2Fv2%2Fmedia&parent=1787"}],"wp:term":[{"taxonomy":"category","embeddable":true,"href":"https:\/\/www.deinsen.de\/index.php?rest_route=%2Fwp%2Fv2%2Fcategories&post=1787"},{"taxonomy":"post_tag","embeddable":true,"href":"https:\/\/www.deinsen.de\/index.php?rest_route=%2Fwp%2Fv2%2Ftags&post=1787"}],"curies":[{"name":"wp","href":"https:\/\/api.w.org\/{rel}","templated":true}]}}