{"id":1826,"date":"2022-04-27T20:16:17","date_gmt":"2022-04-27T18:16:17","guid":{"rendered":"https:\/\/www.deinsen.de\/?p=1826"},"modified":"2022-04-27T20:16:17","modified_gmt":"2022-04-27T18:16:17","slug":"endlich-osterfeuer-2022-in-deinsen","status":"publish","type":"post","link":"https:\/\/www.deinsen.de\/?p=1826","title":{"rendered":"Endlich &#8230; Osterfeuer 2022 in Deinsen"},"content":{"rendered":"\n<p>17.4.2022 (g\u00f6k LDZ). Dieses Jahr kamen die Deinser Brandsch\u00fctzer beim Osterfeuer nicht so ins Schwitzen wie sonst. Mit schwerem Ger\u00e4t wurden Baumst\u00e4mme im Boden eingegraben, die als St\u00fctzen f\u00fcr das Osterfeuer dienen sollten. Tatkr\u00e4ftig unterst\u00fctzt wurde der F\u00f6rderverein der Feuerwehr dabei von den Baumf\u00e4llern Arndt aus Lamspringe, die die Maschinen zur Verf\u00fcgung stellten. Rund 50 Gummiwagen Brennmaterial wurden dann schlie\u00dflich zusammengetragen und aufgeschichtet.<\/p>\n\n\n\n<p>Vor f\u00fcnf Jahren wechselte der F\u00f6rderverein von der Brennschale wieder zum normalen Osterfeuer, wobei jetzt erstmals mit gr\u00f6\u00dferem Aufwand ein Quader gebaut wurde. Der Zuspruch zum Osterfeuer belohnte aber am Ende den Aufwand des F\u00f6rdervereins, kamen doch \u00fcber 250 Besucher in Deinsen zum Osterfeuer, was deutlich mehr war als noch vor der Corona-Pause. Zur Freude der Kinder &#8230;.  durften sie das Feuer mit Fakeln entz\u00fcnden.<\/p>\n\n\n\n<figure class=\"wp-block-gallery columns-2 is-cropped wp-block-gallery-1 is-layout-flex wp-block-gallery-is-layout-flex\"><ul class=\"blocks-gallery-grid\"><li class=\"blocks-gallery-item\"><figure><a href=\"https:\/\/www.deinsen.de\/wp-content\/uploads\/2022\/Deinsen-2022-Osterfeuer.jpg\"><img loading=\"lazy\" decoding=\"async\" width=\"316\" height=\"700\" src=\"https:\/\/www.deinsen.de\/wp-content\/uploads\/2022\/Deinsen-2022-Osterfeuer.jpg\" alt=\"\" data-id=\"1828\" data-full-url=\"https:\/\/www.deinsen.de\/wp-content\/uploads\/2022\/Deinsen-2022-Osterfeuer.jpg\" data-link=\"https:\/\/www.deinsen.de\/?attachment_id=1828\" class=\"wp-image-1828\" srcset=\"https:\/\/www.deinsen.de\/wp-content\/uploads\/2022\/Deinsen-2022-Osterfeuer.jpg 316w, https:\/\/www.deinsen.de\/wp-content\/uploads\/2022\/Deinsen-2022-Osterfeuer-135x300.jpg 135w\" sizes=\"auto, (max-width: 316px) 100vw, 316px\" \/><\/a><\/figure><\/li><li class=\"blocks-gallery-item\"><figure><a href=\"https:\/\/www.deinsen.de\/wp-content\/uploads\/2022\/Deinsen-2022-Ostern.jpg\"><img loading=\"lazy\" decoding=\"async\" width=\"525\" height=\"700\" src=\"https:\/\/www.deinsen.de\/wp-content\/uploads\/2022\/Deinsen-2022-Ostern.jpg\" alt=\"\" data-id=\"1829\" data-full-url=\"https:\/\/www.deinsen.de\/wp-content\/uploads\/2022\/Deinsen-2022-Ostern.jpg\" data-link=\"https:\/\/www.deinsen.de\/?attachment_id=1829\" class=\"wp-image-1829\" srcset=\"https:\/\/www.deinsen.de\/wp-content\/uploads\/2022\/Deinsen-2022-Ostern.jpg 525w, https:\/\/www.deinsen.de\/wp-content\/uploads\/2022\/Deinsen-2022-Ostern-225x300.jpg 225w\" sizes=\"auto, (max-width: 525px) 100vw, 525px\" \/><\/a><\/figure><\/li><li class=\"blocks-gallery-item\"><figure><a href=\"https:\/\/www.deinsen.de\/wp-content\/uploads\/2022\/Deinsen-Ostern-2022-2.jpg\"><img loading=\"lazy\" decoding=\"async\" width=\"600\" height=\"450\" src=\"https:\/\/www.deinsen.de\/wp-content\/uploads\/2022\/Deinsen-Ostern-2022-2.jpg\" alt=\"\" data-id=\"1830\" data-full-url=\"https:\/\/www.deinsen.de\/wp-content\/uploads\/2022\/Deinsen-Ostern-2022-2.jpg\" data-link=\"https:\/\/www.deinsen.de\/?attachment_id=1830\" class=\"wp-image-1830\" srcset=\"https:\/\/www.deinsen.de\/wp-content\/uploads\/2022\/Deinsen-Ostern-2022-2.jpg 600w, https:\/\/www.deinsen.de\/wp-content\/uploads\/2022\/Deinsen-Ostern-2022-2-300x225.jpg 300w\" sizes=\"auto, (max-width: 600px) 100vw, 600px\" \/><\/a><\/figure><\/li><li class=\"blocks-gallery-item\"><figure><a href=\"https:\/\/www.deinsen.de\/wp-content\/uploads\/2022\/Deinsen-Ostern-2022.jpg\"><img loading=\"lazy\" decoding=\"async\" width=\"600\" height=\"450\" src=\"https:\/\/www.deinsen.de\/wp-content\/uploads\/2022\/Deinsen-Ostern-2022.jpg\" alt=\"\" data-id=\"1831\" data-full-url=\"https:\/\/www.deinsen.de\/wp-content\/uploads\/2022\/Deinsen-Ostern-2022.jpg\" data-link=\"https:\/\/www.deinsen.de\/?attachment_id=1831\" class=\"wp-image-1831\" srcset=\"https:\/\/www.deinsen.de\/wp-content\/uploads\/2022\/Deinsen-Ostern-2022.jpg 600w, https:\/\/www.deinsen.de\/wp-content\/uploads\/2022\/Deinsen-Ostern-2022-300x225.jpg 300w\" sizes=\"auto, (max-width: 600px) 100vw, 600px\" \/><\/a><\/figure><\/li><li class=\"blocks-gallery-item\"><figure><a href=\"https:\/\/www.deinsen.de\/wp-content\/uploads\/2022\/Deinsen-Vorarbeiten-Osten-2022.jpg\"><img loading=\"lazy\" decoding=\"async\" width=\"525\" height=\"700\" src=\"https:\/\/www.deinsen.de\/wp-content\/uploads\/2022\/Deinsen-Vorarbeiten-Osten-2022.jpg\" alt=\"\" data-id=\"1832\" data-full-url=\"https:\/\/www.deinsen.de\/wp-content\/uploads\/2022\/Deinsen-Vorarbeiten-Osten-2022.jpg\" data-link=\"https:\/\/www.deinsen.de\/?attachment_id=1832\" class=\"wp-image-1832\" srcset=\"https:\/\/www.deinsen.de\/wp-content\/uploads\/2022\/Deinsen-Vorarbeiten-Osten-2022.jpg 525w, https:\/\/www.deinsen.de\/wp-content\/uploads\/2022\/Deinsen-Vorarbeiten-Osten-2022-225x300.jpg 225w\" sizes=\"auto, (max-width: 525px) 100vw, 525px\" \/><\/a><\/figure><\/li><\/ul><figcaption class=\"blocks-gallery-caption\">Quelle: LDZ <\/figcaption><\/figure>\n","protected":false},"excerpt":{"rendered":"<p>17.4.2022 (g\u00f6k LDZ). Dieses Jahr kamen die Deinser Brandsch\u00fctzer beim Osterfeuer nicht so ins Schwitzen wie sonst. Mit schwerem Ger\u00e4t wurden Baumst\u00e4mme im Boden eingegraben, die als St\u00fctzen f\u00fcr das<\/p>\n","protected":false},"author":1,"featured_media":1827,"comment_status":"closed","ping_status":"closed","sticky":false,"template":"","format":"standard","meta":{"footnotes":""},"categories":[55],"tags":[],"class_list":["post-1826","post","type-post","status-publish","format-standard","has-post-thumbnail","hentry","category-55"],"_links":{"self":[{"href":"https:\/\/www.deinsen.de\/index.php?rest_route=\/wp\/v2\/posts\/1826","targetHints":{"allow":["GET"]}}],"collection":[{"href":"https:\/\/www.deinsen.de\/index.php?rest_route=\/wp\/v2\/posts"}],"about":[{"href":"https:\/\/www.deinsen.de\/index.php?rest_route=\/wp\/v2\/types\/post"}],"author":[{"embeddable":true,"href":"https:\/\/www.deinsen.de\/index.php?rest_route=\/wp\/v2\/users\/1"}],"replies":[{"embeddable":true,"href":"https:\/\/www.deinsen.de\/index.php?rest_route=%2Fwp%2Fv2%2Fcomments&post=1826"}],"version-history":[{"count":1,"href":"https:\/\/www.deinsen.de\/index.php?rest_route=\/wp\/v2\/posts\/1826\/revisions"}],"predecessor-version":[{"id":1833,"href":"https:\/\/www.deinsen.de\/index.php?rest_route=\/wp\/v2\/posts\/1826\/revisions\/1833"}],"wp:featuredmedia":[{"embeddable":true,"href":"https:\/\/www.deinsen.de\/index.php?rest_route=\/wp\/v2\/media\/1827"}],"wp:attachment":[{"href":"https:\/\/www.deinsen.de\/index.php?rest_route=%2Fwp%2Fv2%2Fmedia&parent=1826"}],"wp:term":[{"taxonomy":"category","embeddable":true,"href":"https:\/\/www.deinsen.de\/index.php?rest_route=%2Fwp%2Fv2%2Fcategories&post=1826"},{"taxonomy":"post_tag","embeddable":true,"href":"https:\/\/www.deinsen.de\/index.php?rest_route=%2Fwp%2Fv2%2Ftags&post=1826"}],"curies":[{"name":"wp","href":"https:\/\/api.w.org\/{rel}","templated":true}]}}