{"id":2124,"date":"2023-01-18T18:04:47","date_gmt":"2023-01-18T17:04:47","guid":{"rendered":"https:\/\/www.deinsen.de\/?p=2124"},"modified":"2023-04-17T15:12:11","modified_gmt":"2023-04-17T13:12:11","slug":"traditionelle-adventsfeier-in-deinsen-erloes-aus-blutspendeaktion-geht-an-die-kita-marienkaefer-in-deinsen","status":"publish","type":"post","link":"https:\/\/www.deinsen.de\/?p=2124","title":{"rendered":"Traditionelle Adventsfeier in Deinsen *** Erl\u00f6s aus Blutspendeaktion geht an die Kita Marienk\u00e4fer in Deinsen"},"content":{"rendered":"\n<p>Traditionell treffen sich die Deinser Senioren seit 1963 am 3. Advent zu einem gem\u00fctlichen Adventskaffee. Der B\u00fcrgermeister J\u00f6rg Stichnoth begr\u00fc\u00dfte die Besucher im DGH und freute sich, dass diese Tradition nach der Corona-Zwangspause fortgef\u00fchrt wird und bedankte sich bei der 1. Vorsitzenden des DRK Deinsen, Nadine Schwarze, f\u00fcr die gute Organisation und Vorbereitung.<\/p>\n\n\n\n<p>Der Nachmittag wurde eingeleitet vom Posaunenverein Deinsen mit altbekannten Weihnachtsliedern. Die Kinder der Kita Marienk\u00e4fer aus Deinsen unterst\u00fctzen den Gesang, was so manches Herz erfreute. Mit Kaffee und Kuchen sowie vielen Gespr\u00e4chen klang der Nachmittag aus.<\/p>\n\n\n\n<p>Am 16.Nov.2022 f\u00fchrte das DRK Deinsen einen Blutspendetermin durch. Mit 65 Blutspendern war die Beteiligung in Deinsen sehr gut. Erstspender waren Miriam Wehmeier, Alexandra Wa\u00dfmann und Elian Ilea Ezatk. Zum 5. Mal spendeten Anette Witte und Petra Sterzig, 20. Mal Martin Mundhenke und Daniel Kreybohm, 25. Mal Angelika Kornacker und zum 30. Mal Hans-Erich Kreybohm.<\/p>\n\n\n\n<p>Auf Grund der gro\u00dfen Resonanz bei der letzten Blutspendeaktion wurde beschlossen den Erl\u00f6s der Blutspende an den Kindergarten Marienk\u00e4fer e.V. in Deinsen zu \u00fcbergeben.<\/p>\n\n\n\n<p>Nadine Schwarze konnte einen Scheck in H\u00f6he von 300,&#8211; Euro stellvertretend an die Vorsitzenden der Elterninitiative Marienk\u00e4fer e.V. (Anne Stahlmann und Svenja Michael) f\u00fcr die neue K\u00fcche w\u00e4hrend der Adventsfeier sowie einer spontanen Sammelaktion der anwesenden B\u00fcrger \u00fcbergeben.<\/p>\n\n\n\n<p>Die Elterninitiative setzt sich daf\u00fcr ein, dass die Marienk\u00e4fer-Kinder eine kinderfreundliche K\u00fcche erhalten, um das gemeinsame Kochen m\u00f6glich zu machen. Die neue K\u00fcche als Herzst\u00fcck des offenen Raumkonzeptes soll die famili\u00e4re Atmosph\u00e4re unterst\u00fctzen.<\/p>\n\n\n\n<p>Die Kinder bedankten sich mit selbstgebastelten Sternen bei den Anwesenden und hoffen auf weitere Spenden, damit der Wunsch einer neuen K\u00fcche erf\u00fcllt werden kann.<\/p>\n\n\n\n<figure class=\"wp-block-gallery has-nested-images columns-default is-cropped wp-block-gallery-1 is-layout-flex wp-block-gallery-is-layout-flex\">\n<figure class=\"wp-block-image size-large\"><a href=\"https:\/\/www.deinsen.de\/wp-content\/uploads\/2022\/Seniorenfeier + Spende\/2022_DRK-Adventsfeier-8.jpg\"><img loading=\"lazy\" decoding=\"async\" width=\"1536\" height=\"2048\" data-id=\"2129\" src=\"https:\/\/www.deinsen.de\/wp-content\/uploads\/2022\/Seniorenfeier + Spende\/2022_DRK-Adventsfeier-8.jpg\" alt=\"\" class=\"wp-image-2129\" srcset=\"https:\/\/www.deinsen.de\/wp-content\/uploads\/2022\/Seniorenfeier%20+%20Spende\/2022_DRK-Adventsfeier-8.jpg 1536w, https:\/\/www.deinsen.de\/wp-content\/uploads\/2022\/Seniorenfeier%20+%20Spende\/2022_DRK-Adventsfeier-8-225x300.jpg 225w, https:\/\/www.deinsen.de\/wp-content\/uploads\/2022\/Seniorenfeier%20+%20Spende\/2022_DRK-Adventsfeier-8-768x1024.jpg 768w, https:\/\/www.deinsen.de\/wp-content\/uploads\/2022\/Seniorenfeier%20+%20Spende\/2022_DRK-Adventsfeier-8-1152x1536.jpg 1152w\" sizes=\"auto, (max-width: 1536px) 100vw, 1536px\" \/><\/a><\/figure>\n\n\n\n<figure class=\"wp-block-image size-large\"><a href=\"https:\/\/www.deinsen.de\/wp-content\/uploads\/2022\/Seniorenfeier + Spende\/2022_DRK-Adventsfeier-7.jpg\"><img loading=\"lazy\" decoding=\"async\" width=\"2048\" height=\"1536\" data-id=\"2128\" src=\"https:\/\/www.deinsen.de\/wp-content\/uploads\/2022\/Seniorenfeier + Spende\/2022_DRK-Adventsfeier-7.jpg\" alt=\"\" class=\"wp-image-2128\" srcset=\"https:\/\/www.deinsen.de\/wp-content\/uploads\/2022\/Seniorenfeier%20+%20Spende\/2022_DRK-Adventsfeier-7.jpg 2048w, https:\/\/www.deinsen.de\/wp-content\/uploads\/2022\/Seniorenfeier%20+%20Spende\/2022_DRK-Adventsfeier-7-300x225.jpg 300w, https:\/\/www.deinsen.de\/wp-content\/uploads\/2022\/Seniorenfeier%20+%20Spende\/2022_DRK-Adventsfeier-7-1024x768.jpg 1024w, https:\/\/www.deinsen.de\/wp-content\/uploads\/2022\/Seniorenfeier%20+%20Spende\/2022_DRK-Adventsfeier-7-768x576.jpg 768w, https:\/\/www.deinsen.de\/wp-content\/uploads\/2022\/Seniorenfeier%20+%20Spende\/2022_DRK-Adventsfeier-7-1536x1152.jpg 1536w\" sizes=\"auto, (max-width: 2048px) 100vw, 2048px\" \/><\/a><\/figure>\n\n\n\n<figure class=\"wp-block-image size-large\"><a href=\"https:\/\/www.deinsen.de\/wp-content\/uploads\/2022\/Seniorenfeier + Spende\/2022_DRK-Adventsfeier-6.jpg\"><img loading=\"lazy\" decoding=\"async\" width=\"2048\" height=\"1536\" data-id=\"2127\" src=\"https:\/\/www.deinsen.de\/wp-content\/uploads\/2022\/Seniorenfeier + Spende\/2022_DRK-Adventsfeier-6.jpg\" alt=\"\" class=\"wp-image-2127\" srcset=\"https:\/\/www.deinsen.de\/wp-content\/uploads\/2022\/Seniorenfeier%20+%20Spende\/2022_DRK-Adventsfeier-6.jpg 2048w, https:\/\/www.deinsen.de\/wp-content\/uploads\/2022\/Seniorenfeier%20+%20Spende\/2022_DRK-Adventsfeier-6-300x225.jpg 300w, https:\/\/www.deinsen.de\/wp-content\/uploads\/2022\/Seniorenfeier%20+%20Spende\/2022_DRK-Adventsfeier-6-1024x768.jpg 1024w, https:\/\/www.deinsen.de\/wp-content\/uploads\/2022\/Seniorenfeier%20+%20Spende\/2022_DRK-Adventsfeier-6-768x576.jpg 768w, https:\/\/www.deinsen.de\/wp-content\/uploads\/2022\/Seniorenfeier%20+%20Spende\/2022_DRK-Adventsfeier-6-1536x1152.jpg 1536w\" sizes=\"auto, (max-width: 2048px) 100vw, 2048px\" \/><\/a><\/figure>\n\n\n\n<figure class=\"wp-block-image size-large\"><a href=\"https:\/\/www.deinsen.de\/wp-content\/uploads\/2022\/Seniorenfeier + Spende\/2022_DRK-Adventsfeier-5.jpg\"><img loading=\"lazy\" decoding=\"async\" width=\"1536\" height=\"2048\" data-id=\"2126\" src=\"https:\/\/www.deinsen.de\/wp-content\/uploads\/2022\/Seniorenfeier + Spende\/2022_DRK-Adventsfeier-5.jpg\" alt=\"\" class=\"wp-image-2126\" srcset=\"https:\/\/www.deinsen.de\/wp-content\/uploads\/2022\/Seniorenfeier%20+%20Spende\/2022_DRK-Adventsfeier-5.jpg 1536w, https:\/\/www.deinsen.de\/wp-content\/uploads\/2022\/Seniorenfeier%20+%20Spende\/2022_DRK-Adventsfeier-5-225x300.jpg 225w, https:\/\/www.deinsen.de\/wp-content\/uploads\/2022\/Seniorenfeier%20+%20Spende\/2022_DRK-Adventsfeier-5-768x1024.jpg 768w, https:\/\/www.deinsen.de\/wp-content\/uploads\/2022\/Seniorenfeier%20+%20Spende\/2022_DRK-Adventsfeier-5-1152x1536.jpg 1152w\" sizes=\"auto, (max-width: 1536px) 100vw, 1536px\" \/><\/a><\/figure>\n<figcaption class=\"blocks-gallery-caption\">Dank an den Posaunenverein f\u00fcr die Unterst\u00fctzung<\/figcaption><\/figure>\n\n\n\n<p><\/p>\n","protected":false},"excerpt":{"rendered":"<p>Traditionell treffen sich die Deinser Senioren seit 1963 am 3. Advent zu einem gem\u00fctlichen Adventskaffee. Der B\u00fcrgermeister J\u00f6rg Stichnoth begr\u00fc\u00dfte die Besucher im DGH und freute sich, dass diese Tradition<\/p>\n","protected":false},"author":1,"featured_media":2152,"comment_status":"closed","ping_status":"closed","sticky":false,"template":"","format":"standard","meta":{"footnotes":""},"categories":[55],"tags":[],"class_list":["post-2124","post","type-post","status-publish","format-standard","has-post-thumbnail","hentry","category-55"],"_links":{"self":[{"href":"https:\/\/www.deinsen.de\/index.php?rest_route=\/wp\/v2\/posts\/2124","targetHints":{"allow":["GET"]}}],"collection":[{"href":"https:\/\/www.deinsen.de\/index.php?rest_route=\/wp\/v2\/posts"}],"about":[{"href":"https:\/\/www.deinsen.de\/index.php?rest_route=\/wp\/v2\/types\/post"}],"author":[{"embeddable":true,"href":"https:\/\/www.deinsen.de\/index.php?rest_route=\/wp\/v2\/users\/1"}],"replies":[{"embeddable":true,"href":"https:\/\/www.deinsen.de\/index.php?rest_route=%2Fwp%2Fv2%2Fcomments&post=2124"}],"version-history":[{"count":3,"href":"https:\/\/www.deinsen.de\/index.php?rest_route=\/wp\/v2\/posts\/2124\/revisions"}],"predecessor-version":[{"id":2154,"href":"https:\/\/www.deinsen.de\/index.php?rest_route=\/wp\/v2\/posts\/2124\/revisions\/2154"}],"wp:featuredmedia":[{"embeddable":true,"href":"https:\/\/www.deinsen.de\/index.php?rest_route=\/wp\/v2\/media\/2152"}],"wp:attachment":[{"href":"https:\/\/www.deinsen.de\/index.php?rest_route=%2Fwp%2Fv2%2Fmedia&parent=2124"}],"wp:term":[{"taxonomy":"category","embeddable":true,"href":"https:\/\/www.deinsen.de\/index.php?rest_route=%2Fwp%2Fv2%2Fcategories&post=2124"},{"taxonomy":"post_tag","embeddable":true,"href":"https:\/\/www.deinsen.de\/index.php?rest_route=%2Fwp%2Fv2%2Ftags&post=2124"}],"curies":[{"name":"wp","href":"https:\/\/api.w.org\/{rel}","templated":true}]}}