{"id":2235,"date":"2023-02-24T21:39:18","date_gmt":"2023-02-24T20:39:18","guid":{"rendered":"https:\/\/www.deinsen.de\/?p=2235"},"modified":"2023-03-25T19:47:24","modified_gmt":"2023-03-25T18:47:24","slug":"osterhuehner-alles-unikate","status":"publish","type":"post","link":"https:\/\/www.deinsen.de\/?p=2235","title":{"rendered":"Osterh\u00fchner &#8230; alles Unikate"},"content":{"rendered":"\n<p>Das DRK Deinsen war mit seiner \u201eKreativ-Gruppe\u201c wieder aktiv. Vorab traf sich die Gruppe im Sportheim des TSV Deinsen um zu kl\u00e4ren, welche Materialien ben\u00f6tigt oder wer eine N\u00e4hmaschine mitbringen kann. Jetzt konnte an 2 Abenden mit der Arbeit begonnen werden. In der Gruppe wurden die Arbeiten vom Zuschnitt, n\u00e4hen, bef\u00fcllen und dekorieren der H\u00fchner innerhalb der Frauen und M\u00e4nner aufgeteilt. F\u00fcr die Osterdeko ist f\u00fcr dieses Jahr gesorgt. Mit jedem Huhn entstand ein Unikat.<\/p>\n\n\n\n<p>Die Kreativ-Gruppe des DRK Deinsen hat sich im Herbst letzten Jahres spontan gegr\u00fcndet. Es soll nicht bei Kreativ-\/Bastelabenden bleiben. So werden demn\u00e4chst Ausfl\u00fcge und Besichtigungen folgen. Vorschl\u00e4ge kommen aus der Gruppe und werden gerne aufgegriffen. Bei Interesse bei Nadine Schwarze oder Ortrud Michael melden.<\/p>\n\n\n\n<figure class=\"wp-block-gallery has-nested-images columns-default is-cropped wp-block-gallery-1 is-layout-flex wp-block-gallery-is-layout-flex\">\n<figure class=\"wp-block-image size-large\"><a href=\"https:\/\/www.deinsen.de\/wp-content\/uploads\/2023\/PXL_20230222_202653531.jpg\"><img loading=\"lazy\" decoding=\"async\" width=\"603\" height=\"800\" data-id=\"2238\" src=\"https:\/\/www.deinsen.de\/wp-content\/uploads\/2023\/PXL_20230222_202653531.jpg\" alt=\"\" class=\"wp-image-2238\" srcset=\"https:\/\/www.deinsen.de\/wp-content\/uploads\/2023\/PXL_20230222_202653531.jpg 603w, https:\/\/www.deinsen.de\/wp-content\/uploads\/2023\/PXL_20230222_202653531-226x300.jpg 226w\" sizes=\"auto, (max-width: 603px) 100vw, 603px\" \/><\/a><\/figure>\n\n\n\n<figure class=\"wp-block-image size-large\"><a href=\"https:\/\/www.deinsen.de\/wp-content\/uploads\/2023\/PXL_20230215_201633726-1.jpg\"><img loading=\"lazy\" decoding=\"async\" width=\"603\" height=\"800\" data-id=\"2242\" src=\"https:\/\/www.deinsen.de\/wp-content\/uploads\/2023\/PXL_20230215_201633726-1.jpg\" alt=\"\" class=\"wp-image-2242\" srcset=\"https:\/\/www.deinsen.de\/wp-content\/uploads\/2023\/PXL_20230215_201633726-1.jpg 603w, https:\/\/www.deinsen.de\/wp-content\/uploads\/2023\/PXL_20230215_201633726-1-226x300.jpg 226w\" sizes=\"auto, (max-width: 603px) 100vw, 603px\" \/><\/a><\/figure>\n\n\n\n<figure class=\"wp-block-image size-large\"><a href=\"https:\/\/www.deinsen.de\/wp-content\/uploads\/2023\/PXL_20230222_193901402.jpg\"><img loading=\"lazy\" decoding=\"async\" width=\"603\" height=\"800\" data-id=\"2237\" src=\"https:\/\/www.deinsen.de\/wp-content\/uploads\/2023\/PXL_20230222_193901402.jpg\" alt=\"\" class=\"wp-image-2237\" srcset=\"https:\/\/www.deinsen.de\/wp-content\/uploads\/2023\/PXL_20230222_193901402.jpg 603w, https:\/\/www.deinsen.de\/wp-content\/uploads\/2023\/PXL_20230222_193901402-226x300.jpg 226w\" sizes=\"auto, (max-width: 603px) 100vw, 603px\" \/><\/a><\/figure>\n\n\n\n<figure class=\"wp-block-image size-large\"><a href=\"https:\/\/www.deinsen.de\/wp-content\/uploads\/2023\/PXL_20230216_091300252.jpg\"><img loading=\"lazy\" decoding=\"async\" width=\"603\" height=\"800\" data-id=\"2243\" src=\"https:\/\/www.deinsen.de\/wp-content\/uploads\/2023\/PXL_20230216_091300252.jpg\" alt=\"\" class=\"wp-image-2243\" srcset=\"https:\/\/www.deinsen.de\/wp-content\/uploads\/2023\/PXL_20230216_091300252.jpg 603w, https:\/\/www.deinsen.de\/wp-content\/uploads\/2023\/PXL_20230216_091300252-226x300.jpg 226w\" sizes=\"auto, (max-width: 603px) 100vw, 603px\" \/><\/a><\/figure>\n\n\n\n<figure class=\"wp-block-image size-large\"><a href=\"https:\/\/www.deinsen.de\/wp-content\/uploads\/2023\/PXL_20230215_202928023.jpg\"><img loading=\"lazy\" decoding=\"async\" width=\"603\" height=\"800\" data-id=\"2240\" src=\"https:\/\/www.deinsen.de\/wp-content\/uploads\/2023\/PXL_20230215_202928023.jpg\" alt=\"\" class=\"wp-image-2240\" srcset=\"https:\/\/www.deinsen.de\/wp-content\/uploads\/2023\/PXL_20230215_202928023.jpg 603w, https:\/\/www.deinsen.de\/wp-content\/uploads\/2023\/PXL_20230215_202928023-226x300.jpg 226w\" sizes=\"auto, (max-width: 603px) 100vw, 603px\" \/><\/a><\/figure>\n\n\n\n<figure class=\"wp-block-image size-large\"><a href=\"https:\/\/www.deinsen.de\/wp-content\/uploads\/2023\/PXL_20230222_190927522.jpg\"><img loading=\"lazy\" decoding=\"async\" width=\"603\" height=\"800\" data-id=\"2236\" src=\"https:\/\/www.deinsen.de\/wp-content\/uploads\/2023\/PXL_20230222_190927522.jpg\" alt=\"\" class=\"wp-image-2236\" srcset=\"https:\/\/www.deinsen.de\/wp-content\/uploads\/2023\/PXL_20230222_190927522.jpg 603w, https:\/\/www.deinsen.de\/wp-content\/uploads\/2023\/PXL_20230222_190927522-226x300.jpg 226w\" sizes=\"auto, (max-width: 603px) 100vw, 603px\" \/><\/a><\/figure>\n\n\n\n<figure class=\"wp-block-image size-large\"><a href=\"https:\/\/www.deinsen.de\/wp-content\/uploads\/2023\/PXL_20230222_2028262132.jpg\"><img loading=\"lazy\" decoding=\"async\" width=\"800\" height=\"501\" data-id=\"2239\" src=\"https:\/\/www.deinsen.de\/wp-content\/uploads\/2023\/PXL_20230222_2028262132.jpg\" alt=\"\" class=\"wp-image-2239\" srcset=\"https:\/\/www.deinsen.de\/wp-content\/uploads\/2023\/PXL_20230222_2028262132.jpg 800w, https:\/\/www.deinsen.de\/wp-content\/uploads\/2023\/PXL_20230222_2028262132-300x188.jpg 300w, https:\/\/www.deinsen.de\/wp-content\/uploads\/2023\/PXL_20230222_2028262132-768x481.jpg 768w\" sizes=\"auto, (max-width: 800px) 100vw, 800px\" \/><\/a><\/figure>\n<\/figure>\n\n\n\n<h2 class=\"wp-block-heading\">Bastel-Ideen mit H\u00f6lzern<\/h2>\n\n\n\n<p>(22.3.2023) Heute wurde gebastelt.  Marita Beining hatte die  &#8222;Kl\u00f6tze, H\u00f6lzer&#8220; , Conny Kreybohm die Reagenzgl\u00e4ser und Brigitte Bothmann brachte das restliche Zubeh\u00f6r und Ideen mit. Die Ein oder Andere ging in Produktion und bastelte gleich kleine Geschenke. <\/p>\n\n\n\n<figure class=\"wp-block-gallery has-nested-images columns-default is-cropped wp-block-gallery-2 is-layout-flex wp-block-gallery-is-layout-flex\">\n<figure class=\"wp-block-image size-large\"><img loading=\"lazy\" decoding=\"async\" width=\"771\" height=\"1024\" data-id=\"2301\" src=\"https:\/\/www.deinsen.de\/wp-content\/uploads\/2023\/DRK H\u00f6lzer\/DRK_Hoelzer-5.jpg\" alt=\"\" class=\"wp-image-2301\" srcset=\"https:\/\/www.deinsen.de\/wp-content\/uploads\/2023\/DRK%20H\u00f6lzer\/DRK_Hoelzer-5.jpg 771w, https:\/\/www.deinsen.de\/wp-content\/uploads\/2023\/DRK%20H\u00f6lzer\/DRK_Hoelzer-5-226x300.jpg 226w, https:\/\/www.deinsen.de\/wp-content\/uploads\/2023\/DRK%20H\u00f6lzer\/DRK_Hoelzer-5-768x1020.jpg 768w\" sizes=\"auto, (max-width: 771px) 100vw, 771px\" \/><\/figure>\n\n\n\n<figure class=\"wp-block-image size-large\"><img loading=\"lazy\" decoding=\"async\" width=\"771\" height=\"1024\" data-id=\"2300\" src=\"https:\/\/www.deinsen.de\/wp-content\/uploads\/2023\/DRK H\u00f6lzer\/DRK_Hoelzer-4.jpg\" alt=\"\" class=\"wp-image-2300\" srcset=\"https:\/\/www.deinsen.de\/wp-content\/uploads\/2023\/DRK%20H\u00f6lzer\/DRK_Hoelzer-4.jpg 771w, https:\/\/www.deinsen.de\/wp-content\/uploads\/2023\/DRK%20H\u00f6lzer\/DRK_Hoelzer-4-226x300.jpg 226w, https:\/\/www.deinsen.de\/wp-content\/uploads\/2023\/DRK%20H\u00f6lzer\/DRK_Hoelzer-4-768x1020.jpg 768w\" sizes=\"auto, (max-width: 771px) 100vw, 771px\" \/><\/figure>\n\n\n\n<figure class=\"wp-block-image size-large\"><img loading=\"lazy\" decoding=\"async\" width=\"771\" height=\"1024\" data-id=\"2299\" src=\"https:\/\/www.deinsen.de\/wp-content\/uploads\/2023\/DRK H\u00f6lzer\/DRK_Hoelzer-3.jpg\" alt=\"\" class=\"wp-image-2299\" srcset=\"https:\/\/www.deinsen.de\/wp-content\/uploads\/2023\/DRK%20H\u00f6lzer\/DRK_Hoelzer-3.jpg 771w, https:\/\/www.deinsen.de\/wp-content\/uploads\/2023\/DRK%20H\u00f6lzer\/DRK_Hoelzer-3-226x300.jpg 226w, https:\/\/www.deinsen.de\/wp-content\/uploads\/2023\/DRK%20H\u00f6lzer\/DRK_Hoelzer-3-768x1020.jpg 768w\" sizes=\"auto, (max-width: 771px) 100vw, 771px\" \/><\/figure>\n\n\n\n<figure class=\"wp-block-image size-large\"><img loading=\"lazy\" decoding=\"async\" width=\"771\" height=\"1024\" data-id=\"2298\" src=\"https:\/\/www.deinsen.de\/wp-content\/uploads\/2023\/DRK H\u00f6lzer\/DRK_Hoelzer-2.jpg\" alt=\"\" class=\"wp-image-2298\" srcset=\"https:\/\/www.deinsen.de\/wp-content\/uploads\/2023\/DRK%20H\u00f6lzer\/DRK_Hoelzer-2.jpg 771w, https:\/\/www.deinsen.de\/wp-content\/uploads\/2023\/DRK%20H\u00f6lzer\/DRK_Hoelzer-2-226x300.jpg 226w, https:\/\/www.deinsen.de\/wp-content\/uploads\/2023\/DRK%20H\u00f6lzer\/DRK_Hoelzer-2-768x1020.jpg 768w\" sizes=\"auto, (max-width: 771px) 100vw, 771px\" \/><\/figure>\n\n\n\n<figure class=\"wp-block-image size-large\"><img loading=\"lazy\" decoding=\"async\" width=\"771\" height=\"1024\" data-id=\"2297\" src=\"https:\/\/www.deinsen.de\/wp-content\/uploads\/2023\/DRK H\u00f6lzer\/DRK_Hoelzer-1.jpg\" alt=\"\" class=\"wp-image-2297\" srcset=\"https:\/\/www.deinsen.de\/wp-content\/uploads\/2023\/DRK%20H\u00f6lzer\/DRK_Hoelzer-1.jpg 771w, https:\/\/www.deinsen.de\/wp-content\/uploads\/2023\/DRK%20H\u00f6lzer\/DRK_Hoelzer-1-226x300.jpg 226w, https:\/\/www.deinsen.de\/wp-content\/uploads\/2023\/DRK%20H\u00f6lzer\/DRK_Hoelzer-1-768x1020.jpg 768w\" sizes=\"auto, (max-width: 771px) 100vw, 771px\" \/><\/figure>\n<\/figure>\n","protected":false},"excerpt":{"rendered":"<p>Das DRK Deinsen war mit seiner \u201eKreativ-Gruppe\u201c wieder aktiv. Vorab traf sich die Gruppe im Sportheim des TSV Deinsen um zu kl\u00e4ren, welche Materialien ben\u00f6tigt oder wer eine N\u00e4hmaschine mitbringen<\/p>\n","protected":false},"author":1,"featured_media":2239,"comment_status":"closed","ping_status":"closed","sticky":false,"template":"","format":"standard","meta":{"footnotes":""},"categories":[67],"tags":[65,47],"class_list":["post-2235","post","type-post","status-publish","format-standard","has-post-thumbnail","hentry","category-67","tag-deinsen-2","tag-drk-deinsen"],"_links":{"self":[{"href":"https:\/\/www.deinsen.de\/index.php?rest_route=\/wp\/v2\/posts\/2235","targetHints":{"allow":["GET"]}}],"collection":[{"href":"https:\/\/www.deinsen.de\/index.php?rest_route=\/wp\/v2\/posts"}],"about":[{"href":"https:\/\/www.deinsen.de\/index.php?rest_route=\/wp\/v2\/types\/post"}],"author":[{"embeddable":true,"href":"https:\/\/www.deinsen.de\/index.php?rest_route=\/wp\/v2\/users\/1"}],"replies":[{"embeddable":true,"href":"https:\/\/www.deinsen.de\/index.php?rest_route=%2Fwp%2Fv2%2Fcomments&post=2235"}],"version-history":[{"count":5,"href":"https:\/\/www.deinsen.de\/index.php?rest_route=\/wp\/v2\/posts\/2235\/revisions"}],"predecessor-version":[{"id":2302,"href":"https:\/\/www.deinsen.de\/index.php?rest_route=\/wp\/v2\/posts\/2235\/revisions\/2302"}],"wp:featuredmedia":[{"embeddable":true,"href":"https:\/\/www.deinsen.de\/index.php?rest_route=\/wp\/v2\/media\/2239"}],"wp:attachment":[{"href":"https:\/\/www.deinsen.de\/index.php?rest_route=%2Fwp%2Fv2%2Fmedia&parent=2235"}],"wp:term":[{"taxonomy":"category","embeddable":true,"href":"https:\/\/www.deinsen.de\/index.php?rest_route=%2Fwp%2Fv2%2Fcategories&post=2235"},{"taxonomy":"post_tag","embeddable":true,"href":"https:\/\/www.deinsen.de\/index.php?rest_route=%2Fwp%2Fv2%2Ftags&post=2235"}],"curies":[{"name":"wp","href":"https:\/\/api.w.org\/{rel}","templated":true}]}}