{"id":2272,"date":"2023-03-25T17:47:12","date_gmt":"2023-03-25T16:47:12","guid":{"rendered":"https:\/\/www.deinsen.de\/?p=2272"},"modified":"2023-04-28T17:08:40","modified_gmt":"2023-04-28T15:08:40","slug":"florian-reimer-neuer-vorsitzender-der-schuetzen","status":"publish","type":"post","link":"https:\/\/www.deinsen.de\/?p=2272","title":{"rendered":"Florian Reimers neuer Vorsitzender der Sch\u00fctzen"},"content":{"rendered":"\n<p>(15.3.2023) Klaus Beining nach elf Jahren aus dem Amt verabschiedet \/ Rolf Beining f\u00fcr 50-j\u00e4hrige Mitgliedschaft <\/p>\n\n\n\n<p>Florian Reimers ist neuer Vorsitzender des Sch\u00fctzenvereins Deinsen. Dies ist das Ergebnis der einstimmi- gen Wahl der j\u00fcngsten Jahres- hauptversammlung. Reimer l\u00f6st Klaus Beining ab, der sein Amt aus beruflichen Gr\u00fcnden nach elf Jahren zur Verf\u00fcgung gestellt hatte. Neuer stellvertretender Vorsitzender ist Oliver Gusek. Kassenwartin ist Nina Beining, Schie\u00dfwart Uwe Mikolajewski und Schriftf\u00fchrerin Lisa Beining. Beisitzer sind Mark Hollstein und Klaus Beining. Auch sie wurden einstimmig von der Versamm- lung gew\u00e4hlt. Mit einem Pr\u00e4sent bedankte sich Florian Reimers bei Klaus Beining f\u00fcr dessen geleistete Arbeit. In Zukunft wird Beining als Beisitzer den neuen Vorstand unterst\u00fctzen. <\/p>\n\n\n\n<p>Zu Beginn seines Berichts hatte der scheidende Vorsitzende zun\u00e4chst 30 von 75 Mitgliedern zur Versamm- lung begr\u00fc\u00dft. Er erinnerte daran, dass der Anfang des Jah-res 2022 noch unter dem Einfluss von Corona gestanden hatte. Ab dem Sommer seien dann aber wieder Aktivit\u00e4ten wie das Kubb-Turnier<br>oder das K\u00f6nigs- und Vereinspokalschie\u00dfen m\u00f6glich gewesen. Ein Nachmittag mit der Jugend bei Fu\u00dfballgolf und auch ein Knobelturnier standen auf dem Programm. Das Jahr endete dann mit einem gemeinsamen Abschluss-Schie\u00dfen und Pizzaessen mit der Jugend und den Erwachsenen. <\/p>\n\n\n\n<p>F\u00fcr 40-j\u00e4hrige Mitgliedschaft wurden Olaf Schwarze und Uwe Mikolajewski sowie f\u00fcr 50 Jahre Rolf Beining geehrt. Die Ehrung f\u00fcr den verhinderten Wilhelm Tippe f\u00fcr 60 Jahre wird zu einem sp\u00e4teren Zeitpunkt nachgeholt.<\/p>\n\n\n<div class=\"wp-block-image\">\n<figure class=\"aligncenter size-full\"><img loading=\"lazy\" decoding=\"async\" width=\"494\" height=\"352\" src=\"https:\/\/www.deinsen.de\/wp-content\/uploads\/2023\/Vorstand-Schuetzen.jpg\" alt=\"\" class=\"wp-image-2275\" srcset=\"https:\/\/www.deinsen.de\/wp-content\/uploads\/2023\/Vorstand-Schuetzen.jpg 494w, https:\/\/www.deinsen.de\/wp-content\/uploads\/2023\/Vorstand-Schuetzen-300x214.jpg 300w, https:\/\/www.deinsen.de\/wp-content\/uploads\/2023\/Vorstand-Schuetzen-90x65.jpg 90w\" sizes=\"auto, (max-width: 494px) 100vw, 494px\" \/><figcaption class=\"wp-element-caption\">Der neue Vorstand (von links): Klaus Beining, Oliver Gusek, Nina Beining, Uwe Mikolajewski und Florian Reimers. Nicht auf dem Foto: Lisa Beining und Mark Hollstein.                                                                                        Quelle: LDZ <\/figcaption><\/figure>\n<\/div>","protected":false},"excerpt":{"rendered":"<p>(15.3.2023) Klaus Beining nach elf Jahren aus dem Amt verabschiedet \/ Rolf Beining f\u00fcr 50-j\u00e4hrige Mitgliedschaft Florian Reimers ist neuer Vorsitzender des Sch\u00fctzenvereins Deinsen. Dies ist das Ergebnis der einstimmi-<\/p>\n","protected":false},"author":1,"featured_media":2277,"comment_status":"closed","ping_status":"closed","sticky":false,"template":"","format":"standard","meta":{"footnotes":""},"categories":[67],"tags":[45,68],"class_list":["post-2272","post","type-post","status-publish","format-standard","has-post-thumbnail","hentry","category-67","tag-deinsen","tag-schuetzen"],"_links":{"self":[{"href":"https:\/\/www.deinsen.de\/index.php?rest_route=\/wp\/v2\/posts\/2272","targetHints":{"allow":["GET"]}}],"collection":[{"href":"https:\/\/www.deinsen.de\/index.php?rest_route=\/wp\/v2\/posts"}],"about":[{"href":"https:\/\/www.deinsen.de\/index.php?rest_route=\/wp\/v2\/types\/post"}],"author":[{"embeddable":true,"href":"https:\/\/www.deinsen.de\/index.php?rest_route=\/wp\/v2\/users\/1"}],"replies":[{"embeddable":true,"href":"https:\/\/www.deinsen.de\/index.php?rest_route=%2Fwp%2Fv2%2Fcomments&post=2272"}],"version-history":[{"count":3,"href":"https:\/\/www.deinsen.de\/index.php?rest_route=\/wp\/v2\/posts\/2272\/revisions"}],"predecessor-version":[{"id":2289,"href":"https:\/\/www.deinsen.de\/index.php?rest_route=\/wp\/v2\/posts\/2272\/revisions\/2289"}],"wp:featuredmedia":[{"embeddable":true,"href":"https:\/\/www.deinsen.de\/index.php?rest_route=\/wp\/v2\/media\/2277"}],"wp:attachment":[{"href":"https:\/\/www.deinsen.de\/index.php?rest_route=%2Fwp%2Fv2%2Fmedia&parent=2272"}],"wp:term":[{"taxonomy":"category","embeddable":true,"href":"https:\/\/www.deinsen.de\/index.php?rest_route=%2Fwp%2Fv2%2Fcategories&post=2272"},{"taxonomy":"post_tag","embeddable":true,"href":"https:\/\/www.deinsen.de\/index.php?rest_route=%2Fwp%2Fv2%2Ftags&post=2272"}],"curies":[{"name":"wp","href":"https:\/\/api.w.org\/{rel}","templated":true}]}}