{"id":2847,"date":"2023-07-31T19:20:15","date_gmt":"2023-07-31T17:20:15","guid":{"rendered":"https:\/\/www.deinsen.de\/?p=2847"},"modified":"2023-07-31T19:58:45","modified_gmt":"2023-07-31T17:58:45","slug":"vogeltraenken-und-lavendelkraenze","status":"publish","type":"post","link":"https:\/\/www.deinsen.de\/?p=2847","title":{"rendered":"Vogeltr\u00e4nken und Lavendelkr\u00e4nze"},"content":{"rendered":"\n<p>(30.06.23) Die Kreativ-Gruppe des DRK Deinsen traf sich f\u00fcr Betonarbeiten am DGH. Markus und Melanie David hatten alles f\u00fcr diese Aktion vorbereitet und aus Rhabarberbl\u00e4ttern wurden Vogeltr\u00e4nken geformt. Nachdem die Teile jetzt getrocknet sind, k\u00f6nnen die Tr\u00e4nken aufgestellt werden. Bei diesen sommerlichen Temperaturen freuen sich V\u00f6gel und Insekten \u00fcber ein k\u00fchles Bad.<\/p>\n\n\n\n<p>(12.07.23) Auf Wunsch der Teilnehmer wurde kurzentschlossen noch ein weiterer Kurs angeboten. Der Lavendel wird jetzt geschnitten und auf Grund einer \u201eSpende\u201c stand reichlich Material zur weiteren Verarbeitung zur Verf\u00fcgung. Die tollen Kr\u00e4nze und Str\u00e4u\u00dfe schm\u00fccken nun die Wohnungen\/ H\u00e4user der DRK-Kreativgruppe in Deinsen. Alle hatten viel Spa\u00df und freuen sich auf das n\u00e4chste Angebot.<\/p>\n\n\n\n<figure class=\"wp-block-gallery has-nested-images columns-2 is-cropped wp-block-gallery-1 is-layout-flex wp-block-gallery-is-layout-flex\">\n<figure class=\"wp-block-image size-large\"><a href=\"https:\/\/www.deinsen.de\/wp-content\/uploads\/2023\/DRK Beton_Lavendel\/image0.jpg\"><img loading=\"lazy\" decoding=\"async\" width=\"600\" height=\"800\" data-id=\"2852\" src=\"https:\/\/www.deinsen.de\/wp-content\/uploads\/2023\/DRK Beton_Lavendel\/image0.jpg\" alt=\"\" class=\"wp-image-2852\" srcset=\"https:\/\/www.deinsen.de\/wp-content\/uploads\/2023\/DRK%20Beton_Lavendel\/image0.jpg 600w, https:\/\/www.deinsen.de\/wp-content\/uploads\/2023\/DRK%20Beton_Lavendel\/image0-225x300.jpg 225w\" sizes=\"auto, (max-width: 600px) 100vw, 600px\" \/><\/a><\/figure>\n\n\n\n<figure class=\"wp-block-image size-large\"><a href=\"https:\/\/www.deinsen.de\/wp-content\/uploads\/2023\/DRK Beton_Lavendel\/image2.jpg\"><img loading=\"lazy\" decoding=\"async\" width=\"800\" height=\"667\" data-id=\"2853\" src=\"https:\/\/www.deinsen.de\/wp-content\/uploads\/2023\/DRK Beton_Lavendel\/image2.jpg\" alt=\"\" class=\"wp-image-2853\" srcset=\"https:\/\/www.deinsen.de\/wp-content\/uploads\/2023\/DRK%20Beton_Lavendel\/image2.jpg 800w, https:\/\/www.deinsen.de\/wp-content\/uploads\/2023\/DRK%20Beton_Lavendel\/image2-300x250.jpg 300w, https:\/\/www.deinsen.de\/wp-content\/uploads\/2023\/DRK%20Beton_Lavendel\/image2-768x640.jpg 768w\" sizes=\"auto, (max-width: 800px) 100vw, 800px\" \/><\/a><\/figure>\n\n\n\n<figure class=\"wp-block-image size-large\"><a href=\"https:\/\/www.deinsen.de\/wp-content\/uploads\/2023\/DRK Beton_Lavendel\/IMG-20230714-WA0005.jpg\"><img loading=\"lazy\" decoding=\"async\" width=\"450\" height=\"800\" data-id=\"2855\" src=\"https:\/\/www.deinsen.de\/wp-content\/uploads\/2023\/DRK Beton_Lavendel\/IMG-20230714-WA0005.jpg\" alt=\"\" class=\"wp-image-2855\" srcset=\"https:\/\/www.deinsen.de\/wp-content\/uploads\/2023\/DRK%20Beton_Lavendel\/IMG-20230714-WA0005.jpg 450w, https:\/\/www.deinsen.de\/wp-content\/uploads\/2023\/DRK%20Beton_Lavendel\/IMG-20230714-WA0005-169x300.jpg 169w\" sizes=\"auto, (max-width: 450px) 100vw, 450px\" \/><\/a><\/figure>\n\n\n\n<figure class=\"wp-block-image size-large\"><a href=\"https:\/\/www.deinsen.de\/wp-content\/uploads\/2023\/DRK Beton_Lavendel\/20230712_183813.jpg\"><img loading=\"lazy\" decoding=\"async\" width=\"600\" height=\"800\" data-id=\"2850\" src=\"https:\/\/www.deinsen.de\/wp-content\/uploads\/2023\/DRK Beton_Lavendel\/20230712_183813.jpg\" alt=\"\" class=\"wp-image-2850\" srcset=\"https:\/\/www.deinsen.de\/wp-content\/uploads\/2023\/DRK%20Beton_Lavendel\/20230712_183813.jpg 600w, https:\/\/www.deinsen.de\/wp-content\/uploads\/2023\/DRK%20Beton_Lavendel\/20230712_183813-225x300.jpg 225w\" sizes=\"auto, (max-width: 600px) 100vw, 600px\" \/><\/a><\/figure>\n\n\n\n<figure class=\"wp-block-image size-large\"><a href=\"https:\/\/www.deinsen.de\/wp-content\/uploads\/2023\/DRK Beton_Lavendel\/IMG-20230714-WA0009.jpg\"><img loading=\"lazy\" decoding=\"async\" width=\"600\" height=\"800\" data-id=\"2856\" src=\"https:\/\/www.deinsen.de\/wp-content\/uploads\/2023\/DRK Beton_Lavendel\/IMG-20230714-WA0009.jpg\" alt=\"\" class=\"wp-image-2856\" srcset=\"https:\/\/www.deinsen.de\/wp-content\/uploads\/2023\/DRK%20Beton_Lavendel\/IMG-20230714-WA0009.jpg 600w, https:\/\/www.deinsen.de\/wp-content\/uploads\/2023\/DRK%20Beton_Lavendel\/IMG-20230714-WA0009-225x300.jpg 225w\" sizes=\"auto, (max-width: 600px) 100vw, 600px\" \/><\/a><\/figure>\n\n\n\n<figure class=\"wp-block-image size-large\"><a href=\"https:\/\/www.deinsen.de\/wp-content\/uploads\/2023\/DRK Beton_Lavendel\/20230712_192600.jpg\"><img loading=\"lazy\" decoding=\"async\" width=\"600\" height=\"800\" data-id=\"2851\" src=\"https:\/\/www.deinsen.de\/wp-content\/uploads\/2023\/DRK Beton_Lavendel\/20230712_192600.jpg\" alt=\"\" class=\"wp-image-2851\" srcset=\"https:\/\/www.deinsen.de\/wp-content\/uploads\/2023\/DRK%20Beton_Lavendel\/20230712_192600.jpg 600w, https:\/\/www.deinsen.de\/wp-content\/uploads\/2023\/DRK%20Beton_Lavendel\/20230712_192600-225x300.jpg 225w\" sizes=\"auto, (max-width: 600px) 100vw, 600px\" \/><\/a><\/figure>\n\n\n\n<figure class=\"wp-block-image size-large\"><a href=\"https:\/\/www.deinsen.de\/wp-content\/uploads\/2023\/DRK Beton_Lavendel\/20230712_183805.jpg\"><img loading=\"lazy\" decoding=\"async\" width=\"600\" height=\"800\" data-id=\"2849\" src=\"https:\/\/www.deinsen.de\/wp-content\/uploads\/2023\/DRK Beton_Lavendel\/20230712_183805.jpg\" alt=\"\" class=\"wp-image-2849\" srcset=\"https:\/\/www.deinsen.de\/wp-content\/uploads\/2023\/DRK%20Beton_Lavendel\/20230712_183805.jpg 600w, https:\/\/www.deinsen.de\/wp-content\/uploads\/2023\/DRK%20Beton_Lavendel\/20230712_183805-225x300.jpg 225w\" sizes=\"auto, (max-width: 600px) 100vw, 600px\" \/><\/a><\/figure>\n\n\n\n<figure class=\"wp-block-image size-large\"><a href=\"https:\/\/www.deinsen.de\/wp-content\/uploads\/2023\/DRK Beton_Lavendel\/IMG-20230714-WA0001.jpg\"><img loading=\"lazy\" decoding=\"async\" width=\"800\" height=\"450\" data-id=\"2854\" src=\"https:\/\/www.deinsen.de\/wp-content\/uploads\/2023\/DRK Beton_Lavendel\/IMG-20230714-WA0001.jpg\" alt=\"\" class=\"wp-image-2854\" srcset=\"https:\/\/www.deinsen.de\/wp-content\/uploads\/2023\/DRK%20Beton_Lavendel\/IMG-20230714-WA0001.jpg 800w, https:\/\/www.deinsen.de\/wp-content\/uploads\/2023\/DRK%20Beton_Lavendel\/IMG-20230714-WA0001-300x169.jpg 300w, https:\/\/www.deinsen.de\/wp-content\/uploads\/2023\/DRK%20Beton_Lavendel\/IMG-20230714-WA0001-768x432.jpg 768w\" sizes=\"auto, (max-width: 800px) 100vw, 800px\" \/><\/a><\/figure>\n\n\n\n<figure class=\"wp-block-image size-large\"><a href=\"https:\/\/www.deinsen.de\/wp-content\/uploads\/2023\/DRK Beton_Lavendel\/PXL_20230714_071651853.jpg\"><img loading=\"lazy\" decoding=\"async\" width=\"603\" height=\"800\" data-id=\"2857\" src=\"https:\/\/www.deinsen.de\/wp-content\/uploads\/2023\/DRK Beton_Lavendel\/PXL_20230714_071651853.jpg\" alt=\"\" class=\"wp-image-2857\" srcset=\"https:\/\/www.deinsen.de\/wp-content\/uploads\/2023\/DRK%20Beton_Lavendel\/PXL_20230714_071651853.jpg 603w, https:\/\/www.deinsen.de\/wp-content\/uploads\/2023\/DRK%20Beton_Lavendel\/PXL_20230714_071651853-226x300.jpg 226w\" sizes=\"auto, (max-width: 603px) 100vw, 603px\" \/><\/a><\/figure>\n<\/figure>\n","protected":false},"excerpt":{"rendered":"<p>(30.06.23) Die Kreativ-Gruppe des DRK Deinsen traf sich f\u00fcr Betonarbeiten am DGH. Markus und Melanie David hatten alles f\u00fcr diese Aktion vorbereitet und aus Rhabarberbl\u00e4ttern wurden Vogeltr\u00e4nken geformt. Nachdem die<\/p>\n","protected":false},"author":1,"featured_media":2857,"comment_status":"closed","ping_status":"closed","sticky":false,"template":"","format":"standard","meta":{"footnotes":""},"categories":[67],"tags":[47],"class_list":["post-2847","post","type-post","status-publish","format-standard","has-post-thumbnail","hentry","category-67","tag-drk-deinsen"],"_links":{"self":[{"href":"https:\/\/www.deinsen.de\/index.php?rest_route=\/wp\/v2\/posts\/2847","targetHints":{"allow":["GET"]}}],"collection":[{"href":"https:\/\/www.deinsen.de\/index.php?rest_route=\/wp\/v2\/posts"}],"about":[{"href":"https:\/\/www.deinsen.de\/index.php?rest_route=\/wp\/v2\/types\/post"}],"author":[{"embeddable":true,"href":"https:\/\/www.deinsen.de\/index.php?rest_route=\/wp\/v2\/users\/1"}],"replies":[{"embeddable":true,"href":"https:\/\/www.deinsen.de\/index.php?rest_route=%2Fwp%2Fv2%2Fcomments&post=2847"}],"version-history":[{"count":3,"href":"https:\/\/www.deinsen.de\/index.php?rest_route=\/wp\/v2\/posts\/2847\/revisions"}],"predecessor-version":[{"id":2859,"href":"https:\/\/www.deinsen.de\/index.php?rest_route=\/wp\/v2\/posts\/2847\/revisions\/2859"}],"wp:featuredmedia":[{"embeddable":true,"href":"https:\/\/www.deinsen.de\/index.php?rest_route=\/wp\/v2\/media\/2857"}],"wp:attachment":[{"href":"https:\/\/www.deinsen.de\/index.php?rest_route=%2Fwp%2Fv2%2Fmedia&parent=2847"}],"wp:term":[{"taxonomy":"category","embeddable":true,"href":"https:\/\/www.deinsen.de\/index.php?rest_route=%2Fwp%2Fv2%2Fcategories&post=2847"},{"taxonomy":"post_tag","embeddable":true,"href":"https:\/\/www.deinsen.de\/index.php?rest_route=%2Fwp%2Fv2%2Ftags&post=2847"}],"curies":[{"name":"wp","href":"https:\/\/api.w.org\/{rel}","templated":true}]}}