{"id":3174,"date":"2024-05-15T21:04:30","date_gmt":"2024-05-15T19:04:30","guid":{"rendered":"https:\/\/www.deinsen.de\/?p=3174"},"modified":"2024-07-31T14:44:43","modified_gmt":"2024-07-31T12:44:43","slug":"umweltaktion-teilnehmer-aus-dem-flecken-eime-unterwegs","status":"publish","type":"post","link":"https:\/\/www.deinsen.de\/?p=3174","title":{"rendered":"Umweltaktion: Teilnehmer aus dem Flecken Eime unterwegs"},"content":{"rendered":"\n<p>(Quelle: LDZ 20.4.24) Auch im Flecken Eime stand wieder ein Umwelttag an. W\u00e4hrend Deilmissen bereits eine Woche vorher die Gegend von Unrat befreit hat, r\u00fcckten j\u00fcngst auch die Helfer in Eime, Deinsen und Dunsen aus. Start war jeweils um 10 Uhr bei bestem Wetter. So viel vorweg: In den jeweiligen Orten haben die verschiedenen Teams diversen M\u00fcll zusammengetragen.<\/p>\n\n\n\n<p><strong>In Deinsen<\/strong> wurden indes ein verrostetes Ofenrohr sowie schwere Eisenketten entdeckt. Es wurden auch diverse Autoreifen, eine Gartenbank und ein \u201eseltsamer Rinderknochen\u201c entdeckt, wie die M\u00fcllsammler berichten. \u201eEs ist schon erschreckend, was alles in der Natur entsorgt wird, hielten die Teilnehmer der Umweltaktion fest.<\/p>\n\n\n\n<figure class=\"wp-block-gallery has-nested-images columns-4 is-cropped wp-block-gallery-1 is-layout-flex wp-block-gallery-is-layout-flex\">\n<figure class=\"wp-block-image size-large\"><a href=\"https:\/\/www.deinsen.de\/wp-content\/uploads\/2024\/HKV M\u00dcll\/PXL_20240413_080855463.jpg\"><img loading=\"lazy\" decoding=\"async\" width=\"1024\" height=\"922\" data-id=\"3177\" src=\"https:\/\/www.deinsen.de\/wp-content\/uploads\/2024\/HKV M\u00dcll\/PXL_20240413_080855463.jpg\" alt=\"\" class=\"wp-image-3177\" srcset=\"https:\/\/www.deinsen.de\/wp-content\/uploads\/2024\/HKV%20M\u00dcll\/PXL_20240413_080855463.jpg 1024w, https:\/\/www.deinsen.de\/wp-content\/uploads\/2024\/HKV%20M\u00dcll\/PXL_20240413_080855463-300x270.jpg 300w, https:\/\/www.deinsen.de\/wp-content\/uploads\/2024\/HKV%20M\u00dcll\/PXL_20240413_080855463-768x692.jpg 768w\" sizes=\"auto, (max-width: 1024px) 100vw, 1024px\" \/><\/a><\/figure>\n\n\n\n<figure class=\"wp-block-image size-large\"><a href=\"https:\/\/www.deinsen.de\/wp-content\/uploads\/2024\/HKV M\u00dcll\/PXL_20240413_080628357.jpg\"><img loading=\"lazy\" decoding=\"async\" width=\"989\" height=\"1024\" data-id=\"3176\" src=\"https:\/\/www.deinsen.de\/wp-content\/uploads\/2024\/HKV M\u00dcll\/PXL_20240413_080628357.jpg\" alt=\"\" class=\"wp-image-3176\" srcset=\"https:\/\/www.deinsen.de\/wp-content\/uploads\/2024\/HKV%20M\u00dcll\/PXL_20240413_080628357.jpg 989w, https:\/\/www.deinsen.de\/wp-content\/uploads\/2024\/HKV%20M\u00dcll\/PXL_20240413_080628357-290x300.jpg 290w, https:\/\/www.deinsen.de\/wp-content\/uploads\/2024\/HKV%20M\u00dcll\/PXL_20240413_080628357-768x795.jpg 768w\" sizes=\"auto, (max-width: 989px) 100vw, 989px\" \/><\/a><\/figure>\n\n\n\n<figure class=\"wp-block-image size-large\"><a href=\"https:\/\/www.deinsen.de\/wp-content\/uploads\/2024\/HKV M\u00dcll\/PXL_20240413_083303592.jpg\"><img loading=\"lazy\" decoding=\"async\" width=\"1024\" height=\"758\" data-id=\"3178\" src=\"https:\/\/www.deinsen.de\/wp-content\/uploads\/2024\/HKV M\u00dcll\/PXL_20240413_083303592.jpg\" alt=\"\" class=\"wp-image-3178\" srcset=\"https:\/\/www.deinsen.de\/wp-content\/uploads\/2024\/HKV%20M\u00dcll\/PXL_20240413_083303592.jpg 1024w, https:\/\/www.deinsen.de\/wp-content\/uploads\/2024\/HKV%20M\u00dcll\/PXL_20240413_083303592-300x222.jpg 300w, https:\/\/www.deinsen.de\/wp-content\/uploads\/2024\/HKV%20M\u00dcll\/PXL_20240413_083303592-768x569.jpg 768w\" sizes=\"auto, (max-width: 1024px) 100vw, 1024px\" \/><\/a><\/figure>\n\n\n\n<figure class=\"wp-block-image size-large\"><a href=\"https:\/\/www.deinsen.de\/wp-content\/uploads\/2024\/HKV M\u00dcll\/PXL_20240413_083943055.jpg\"><img loading=\"lazy\" decoding=\"async\" width=\"1024\" height=\"976\" data-id=\"3179\" src=\"https:\/\/www.deinsen.de\/wp-content\/uploads\/2024\/HKV M\u00dcll\/PXL_20240413_083943055.jpg\" alt=\"\" class=\"wp-image-3179\" srcset=\"https:\/\/www.deinsen.de\/wp-content\/uploads\/2024\/HKV%20M\u00dcll\/PXL_20240413_083943055.jpg 1024w, https:\/\/www.deinsen.de\/wp-content\/uploads\/2024\/HKV%20M\u00dcll\/PXL_20240413_083943055-300x286.jpg 300w, https:\/\/www.deinsen.de\/wp-content\/uploads\/2024\/HKV%20M\u00dcll\/PXL_20240413_083943055-768x732.jpg 768w\" sizes=\"auto, (max-width: 1024px) 100vw, 1024px\" \/><\/a><\/figure>\n\n\n\n<figure class=\"wp-block-image size-large\"><a href=\"https:\/\/www.deinsen.de\/wp-content\/uploads\/2024\/HKV M\u00dcll\/PXL_20240413_091924462.jpg\"><img loading=\"lazy\" decoding=\"async\" width=\"1023\" height=\"1024\" data-id=\"3180\" src=\"https:\/\/www.deinsen.de\/wp-content\/uploads\/2024\/HKV M\u00dcll\/PXL_20240413_091924462.jpg\" alt=\"\" class=\"wp-image-3180\" srcset=\"https:\/\/www.deinsen.de\/wp-content\/uploads\/2024\/HKV%20M\u00dcll\/PXL_20240413_091924462.jpg 1023w, https:\/\/www.deinsen.de\/wp-content\/uploads\/2024\/HKV%20M\u00dcll\/PXL_20240413_091924462-300x300.jpg 300w, https:\/\/www.deinsen.de\/wp-content\/uploads\/2024\/HKV%20M\u00dcll\/PXL_20240413_091924462-150x150.jpg 150w, https:\/\/www.deinsen.de\/wp-content\/uploads\/2024\/HKV%20M\u00dcll\/PXL_20240413_091924462-768x769.jpg 768w\" sizes=\"auto, (max-width: 1023px) 100vw, 1023px\" \/><\/a><\/figure>\n\n\n\n<figure class=\"wp-block-image size-large\"><a href=\"https:\/\/www.deinsen.de\/wp-content\/uploads\/2024\/HKV M\u00dcll\/PXL_20240413_095737905.jpg\"><img loading=\"lazy\" decoding=\"async\" width=\"771\" height=\"1024\" data-id=\"3181\" src=\"https:\/\/www.deinsen.de\/wp-content\/uploads\/2024\/HKV M\u00dcll\/PXL_20240413_095737905.jpg\" alt=\"\" class=\"wp-image-3181\" srcset=\"https:\/\/www.deinsen.de\/wp-content\/uploads\/2024\/HKV%20M\u00dcll\/PXL_20240413_095737905.jpg 771w, https:\/\/www.deinsen.de\/wp-content\/uploads\/2024\/HKV%20M\u00dcll\/PXL_20240413_095737905-226x300.jpg 226w, https:\/\/www.deinsen.de\/wp-content\/uploads\/2024\/HKV%20M\u00dcll\/PXL_20240413_095737905-768x1020.jpg 768w\" sizes=\"auto, (max-width: 771px) 100vw, 771px\" \/><\/a><\/figure>\n<\/figure>\n","protected":false},"excerpt":{"rendered":"<p>(Quelle: LDZ 20.4.24) Auch im Flecken Eime stand wieder ein Umwelttag an. W\u00e4hrend Deilmissen bereits eine Woche vorher die Gegend von Unrat befreit hat, r\u00fcckten j\u00fcngst auch die Helfer in<\/p>\n","protected":false},"author":1,"featured_media":3182,"comment_status":"closed","ping_status":"closed","sticky":false,"template":"","format":"standard","meta":{"footnotes":""},"categories":[76],"tags":[79],"class_list":["post-3174","post","type-post","status-publish","format-standard","has-post-thumbnail","hentry","category-76","tag-heimat-und-kulturverein"],"_links":{"self":[{"href":"https:\/\/www.deinsen.de\/index.php?rest_route=\/wp\/v2\/posts\/3174","targetHints":{"allow":["GET"]}}],"collection":[{"href":"https:\/\/www.deinsen.de\/index.php?rest_route=\/wp\/v2\/posts"}],"about":[{"href":"https:\/\/www.deinsen.de\/index.php?rest_route=\/wp\/v2\/types\/post"}],"author":[{"embeddable":true,"href":"https:\/\/www.deinsen.de\/index.php?rest_route=\/wp\/v2\/users\/1"}],"replies":[{"embeddable":true,"href":"https:\/\/www.deinsen.de\/index.php?rest_route=%2Fwp%2Fv2%2Fcomments&post=3174"}],"version-history":[{"count":3,"href":"https:\/\/www.deinsen.de\/index.php?rest_route=\/wp\/v2\/posts\/3174\/revisions"}],"predecessor-version":[{"id":3184,"href":"https:\/\/www.deinsen.de\/index.php?rest_route=\/wp\/v2\/posts\/3174\/revisions\/3184"}],"wp:featuredmedia":[{"embeddable":true,"href":"https:\/\/www.deinsen.de\/index.php?rest_route=\/wp\/v2\/media\/3182"}],"wp:attachment":[{"href":"https:\/\/www.deinsen.de\/index.php?rest_route=%2Fwp%2Fv2%2Fmedia&parent=3174"}],"wp:term":[{"taxonomy":"category","embeddable":true,"href":"https:\/\/www.deinsen.de\/index.php?rest_route=%2Fwp%2Fv2%2Fcategories&post=3174"},{"taxonomy":"post_tag","embeddable":true,"href":"https:\/\/www.deinsen.de\/index.php?rest_route=%2Fwp%2Fv2%2Ftags&post=3174"}],"curies":[{"name":"wp","href":"https:\/\/api.w.org\/{rel}","templated":true}]}}