{"id":329,"date":"2019-12-13T21:00:23","date_gmt":"2019-12-13T21:00:23","guid":{"rendered":"https:\/\/deinsen.de\/?p=329"},"modified":"2020-03-01T11:19:45","modified_gmt":"2020-03-01T10:19:45","slug":"deinsen-feiert","status":"publish","type":"post","link":"https:\/\/www.deinsen.de\/?p=329","title":{"rendered":"Deinsen feiert"},"content":{"rendered":"\n<p class=\"has-text-align-left\">Von Freitag, 21.Juni bis Sonntag 23.Juni 2019 wurde in Deinsen das Jubil\u00e4um:<br>10   Jahre Heimat- und Kulturverein <br>60   Jahre Sch\u00fctzenverein<br>110 Jahre Posaunenverein<\/p>\n\n\n\n<blockquote class=\"wp-block-quote is-layout-flow wp-block-quote-is-layout-flow\"><p>Herzlich Willkommen<br>allen G\u00e4sten, die wir bei unserem gemeinsamen Jubil\u00e4um begr\u00fc\u00dfen durfen&#8230;. <\/p><cite>so lautet die Einleitung der Festzeitschrift<\/cite><\/blockquote>\n\n\n\n<p><a href=\"https:\/\/www.deinsen.de\/wp-content\/uploads\/2019\/deinsen feiert\/2019-Festzeitschrift-Deinsen-red..pdf\" target=\"_blank\" rel=\"noreferrer noopener\" aria-label=\"hier k\u00f6nnen Sie die Festschrift lesen (\u00f6ffnet in neuem Tab)\">hier k\u00f6nnen Sie die Festschrift lesen<\/a><\/p>\n\n\n\n<h2 class=\"wp-block-heading\"><\/h2>\n\n\n\n<figure class=\"wp-block-gallery columns-3 is-cropped wp-block-gallery-1 is-layout-flex wp-block-gallery-is-layout-flex\"><ul class=\"blocks-gallery-grid\"><li class=\"blocks-gallery-item\"><figure><a href=\"https:\/\/www.deinsen.de\/wp-content\/uploads\/2019\/deinsen feiert\/2019-Deinsen-feiert-5.jpg\"><img loading=\"lazy\" decoding=\"async\" width=\"1024\" height=\"768\" src=\"https:\/\/www.deinsen.de\/wp-content\/uploads\/2019\/deinsen feiert\/2019-Deinsen-feiert-5-1024x768.jpg\" alt=\"\" data-id=\"431\" data-full-url=\"https:\/\/www.deinsen.de\/wp-content\/uploads\/2019\/deinsen feiert\/2019-Deinsen-feiert-5.jpg\" data-link=\"https:\/\/www.deinsen.de\/?attachment_id=431\" class=\"wp-image-431\" srcset=\"https:\/\/www.deinsen.de\/wp-content\/uploads\/2019\/deinsen%20feiert\/2019-Deinsen-feiert-5-1024x768.jpg 1024w, https:\/\/www.deinsen.de\/wp-content\/uploads\/2019\/deinsen%20feiert\/2019-Deinsen-feiert-5-300x225.jpg 300w, https:\/\/www.deinsen.de\/wp-content\/uploads\/2019\/deinsen%20feiert\/2019-Deinsen-feiert-5-768x576.jpg 768w, https:\/\/www.deinsen.de\/wp-content\/uploads\/2019\/deinsen%20feiert\/2019-Deinsen-feiert-5.jpg 1100w\" sizes=\"auto, (max-width: 1024px) 100vw, 1024px\" \/><\/a><\/figure><\/li><li class=\"blocks-gallery-item\"><figure><a href=\"https:\/\/www.deinsen.de\/wp-content\/uploads\/2019\/deinsen feiert\/2019-Deinsen-feiert-2.jpg\"><img loading=\"lazy\" decoding=\"async\" width=\"1024\" height=\"768\" src=\"https:\/\/www.deinsen.de\/wp-content\/uploads\/2019\/deinsen feiert\/2019-Deinsen-feiert-2-1024x768.jpg\" alt=\"\" data-id=\"428\" data-full-url=\"https:\/\/www.deinsen.de\/wp-content\/uploads\/2019\/deinsen feiert\/2019-Deinsen-feiert-2.jpg\" data-link=\"https:\/\/www.deinsen.de\/?attachment_id=428\" class=\"wp-image-428\" srcset=\"https:\/\/www.deinsen.de\/wp-content\/uploads\/2019\/deinsen%20feiert\/2019-Deinsen-feiert-2-1024x768.jpg 1024w, https:\/\/www.deinsen.de\/wp-content\/uploads\/2019\/deinsen%20feiert\/2019-Deinsen-feiert-2-300x225.jpg 300w, https:\/\/www.deinsen.de\/wp-content\/uploads\/2019\/deinsen%20feiert\/2019-Deinsen-feiert-2-768x576.jpg 768w, https:\/\/www.deinsen.de\/wp-content\/uploads\/2019\/deinsen%20feiert\/2019-Deinsen-feiert-2.jpg 1100w\" sizes=\"auto, (max-width: 1024px) 100vw, 1024px\" \/><\/a><\/figure><\/li><li class=\"blocks-gallery-item\"><figure><a href=\"https:\/\/www.deinsen.de\/wp-content\/uploads\/2019\/deinsen feiert\/2019-Deinsen-feiert-7.jpg\"><img loading=\"lazy\" decoding=\"async\" width=\"1024\" height=\"768\" src=\"https:\/\/www.deinsen.de\/wp-content\/uploads\/2019\/deinsen feiert\/2019-Deinsen-feiert-7-1024x768.jpg\" alt=\"\" data-id=\"433\" data-full-url=\"https:\/\/www.deinsen.de\/wp-content\/uploads\/2019\/deinsen feiert\/2019-Deinsen-feiert-7.jpg\" data-link=\"https:\/\/www.deinsen.de\/?attachment_id=433\" class=\"wp-image-433\" srcset=\"https:\/\/www.deinsen.de\/wp-content\/uploads\/2019\/deinsen%20feiert\/2019-Deinsen-feiert-7-1024x768.jpg 1024w, https:\/\/www.deinsen.de\/wp-content\/uploads\/2019\/deinsen%20feiert\/2019-Deinsen-feiert-7-300x225.jpg 300w, https:\/\/www.deinsen.de\/wp-content\/uploads\/2019\/deinsen%20feiert\/2019-Deinsen-feiert-7-768x576.jpg 768w, https:\/\/www.deinsen.de\/wp-content\/uploads\/2019\/deinsen%20feiert\/2019-Deinsen-feiert-7.jpg 1100w\" sizes=\"auto, (max-width: 1024px) 100vw, 1024px\" \/><\/a><\/figure><\/li><li class=\"blocks-gallery-item\"><figure><a href=\"https:\/\/www.deinsen.de\/wp-content\/uploads\/2019\/deinsen feiert\/2019-Deinsen-feiert-1.jpg\"><img loading=\"lazy\" decoding=\"async\" width=\"1024\" height=\"653\" src=\"https:\/\/www.deinsen.de\/wp-content\/uploads\/2019\/deinsen feiert\/2019-Deinsen-feiert-1-1024x653.jpg\" alt=\"\" data-id=\"427\" data-full-url=\"https:\/\/www.deinsen.de\/wp-content\/uploads\/2019\/deinsen feiert\/2019-Deinsen-feiert-1.jpg\" data-link=\"https:\/\/www.deinsen.de\/?attachment_id=427\" class=\"wp-image-427\" srcset=\"https:\/\/www.deinsen.de\/wp-content\/uploads\/2019\/deinsen%20feiert\/2019-Deinsen-feiert-1-1024x653.jpg 1024w, https:\/\/www.deinsen.de\/wp-content\/uploads\/2019\/deinsen%20feiert\/2019-Deinsen-feiert-1-300x191.jpg 300w, https:\/\/www.deinsen.de\/wp-content\/uploads\/2019\/deinsen%20feiert\/2019-Deinsen-feiert-1-768x490.jpg 768w, https:\/\/www.deinsen.de\/wp-content\/uploads\/2019\/deinsen%20feiert\/2019-Deinsen-feiert-1.jpg 1100w\" sizes=\"auto, (max-width: 1024px) 100vw, 1024px\" \/><\/a><\/figure><\/li><\/ul><\/figure>\n","protected":false},"excerpt":{"rendered":"<p>Von Freitag, 21.Juni bis Sonntag 23.Juni 2019 wurde in Deinsen das Jubil\u00e4um:10 Jahre Heimat- und Kulturverein 60 Jahre Sch\u00fctzenverein110 Jahre Posaunenverein Herzlich Willkommenallen G\u00e4sten, die wir bei unserem gemeinsamen Jubil\u00e4um<\/p>\n","protected":false},"author":1,"featured_media":56,"comment_status":"closed","ping_status":"closed","sticky":false,"template":"","format":"standard","meta":{"footnotes":""},"categories":[3],"tags":[],"class_list":["post-329","post","type-post","status-publish","format-standard","has-post-thumbnail","hentry","category-3"],"_links":{"self":[{"href":"https:\/\/www.deinsen.de\/index.php?rest_route=\/wp\/v2\/posts\/329","targetHints":{"allow":["GET"]}}],"collection":[{"href":"https:\/\/www.deinsen.de\/index.php?rest_route=\/wp\/v2\/posts"}],"about":[{"href":"https:\/\/www.deinsen.de\/index.php?rest_route=\/wp\/v2\/types\/post"}],"author":[{"embeddable":true,"href":"https:\/\/www.deinsen.de\/index.php?rest_route=\/wp\/v2\/users\/1"}],"replies":[{"embeddable":true,"href":"https:\/\/www.deinsen.de\/index.php?rest_route=%2Fwp%2Fv2%2Fcomments&post=329"}],"version-history":[{"count":5,"href":"https:\/\/www.deinsen.de\/index.php?rest_route=\/wp\/v2\/posts\/329\/revisions"}],"predecessor-version":[{"id":1012,"href":"https:\/\/www.deinsen.de\/index.php?rest_route=\/wp\/v2\/posts\/329\/revisions\/1012"}],"wp:featuredmedia":[{"embeddable":true,"href":"https:\/\/www.deinsen.de\/index.php?rest_route=\/wp\/v2\/media\/56"}],"wp:attachment":[{"href":"https:\/\/www.deinsen.de\/index.php?rest_route=%2Fwp%2Fv2%2Fmedia&parent=329"}],"wp:term":[{"taxonomy":"category","embeddable":true,"href":"https:\/\/www.deinsen.de\/index.php?rest_route=%2Fwp%2Fv2%2Fcategories&post=329"},{"taxonomy":"post_tag","embeddable":true,"href":"https:\/\/www.deinsen.de\/index.php?rest_route=%2Fwp%2Fv2%2Ftags&post=329"}],"curies":[{"name":"wp","href":"https:\/\/api.w.org\/{rel}","templated":true}]}}