{"id":3464,"date":"2025-02-15T20:13:55","date_gmt":"2025-02-15T19:13:55","guid":{"rendered":"https:\/\/www.deinsen.de\/?p=3464"},"modified":"2025-02-15T20:13:55","modified_gmt":"2025-02-15T19:13:55","slug":"braunkohlwanderung-des-tsv","status":"publish","type":"post","link":"https:\/\/www.deinsen.de\/?p=3464","title":{"rendered":"Braunkohlwanderung des TSV"},"content":{"rendered":"\n<p>(6.2.25) Die Mitglieder des TSV Deinsen trafen sich am Wochenende zu ihrer traditionellen Braunkohlwanderung. Zum Auftakt versammelten sie sich an der Bushaltestelle in Deinsen (Foto). Von dort wanderten sie zun\u00e4chst \u00fcber den Astweg und Kammweg bis zum C\u00f6lleturm.<br>Von dort ging es weiter bis zur Bantelner H\u00f6he, wo die Wanderer wie gewohnt von Eva Fengler und Uwe \u201eLana\u201c Opitz mit Getr\u00e4nken und Schmalzbroten zur St\u00e4rkung empfangen wurden. Von der Bantelner H\u00f6he ging es dann weiter in den Eimer zum Landgasthof Knoche, wo die TSVer mit etwa 40 Teilnehmern gegen 18.30 Uhr zum Braunkohl-Essen einkehrten.<\/p>\n\n\n\n<p>Foto: TSV Deinsen<\/p>\n","protected":false},"excerpt":{"rendered":"<p>(6.2.25) Die Mitglieder des TSV Deinsen trafen sich am Wochenende zu ihrer traditionellen Braunkohlwanderung. Zum Auftakt versammelten sie sich an der Bushaltestelle in Deinsen (Foto). Von dort wanderten sie zun\u00e4chst<\/p>\n","protected":false},"author":1,"featured_media":3466,"comment_status":"closed","ping_status":"closed","sticky":false,"template":"","format":"standard","meta":{"footnotes":""},"categories":[80,31,1],"tags":[50],"class_list":["post-3464","post","type-post","status-publish","format-standard","has-post-thumbnail","hentry","category-80","category-damals","category-uncategorized","tag-tsvdeinsen"],"_links":{"self":[{"href":"https:\/\/www.deinsen.de\/index.php?rest_route=\/wp\/v2\/posts\/3464","targetHints":{"allow":["GET"]}}],"collection":[{"href":"https:\/\/www.deinsen.de\/index.php?rest_route=\/wp\/v2\/posts"}],"about":[{"href":"https:\/\/www.deinsen.de\/index.php?rest_route=\/wp\/v2\/types\/post"}],"author":[{"embeddable":true,"href":"https:\/\/www.deinsen.de\/index.php?rest_route=\/wp\/v2\/users\/1"}],"replies":[{"embeddable":true,"href":"https:\/\/www.deinsen.de\/index.php?rest_route=%2Fwp%2Fv2%2Fcomments&post=3464"}],"version-history":[{"count":3,"href":"https:\/\/www.deinsen.de\/index.php?rest_route=\/wp\/v2\/posts\/3464\/revisions"}],"predecessor-version":[{"id":3468,"href":"https:\/\/www.deinsen.de\/index.php?rest_route=\/wp\/v2\/posts\/3464\/revisions\/3468"}],"wp:featuredmedia":[{"embeddable":true,"href":"https:\/\/www.deinsen.de\/index.php?rest_route=\/wp\/v2\/media\/3466"}],"wp:attachment":[{"href":"https:\/\/www.deinsen.de\/index.php?rest_route=%2Fwp%2Fv2%2Fmedia&parent=3464"}],"wp:term":[{"taxonomy":"category","embeddable":true,"href":"https:\/\/www.deinsen.de\/index.php?rest_route=%2Fwp%2Fv2%2Fcategories&post=3464"},{"taxonomy":"post_tag","embeddable":true,"href":"https:\/\/www.deinsen.de\/index.php?rest_route=%2Fwp%2Fv2%2Ftags&post=3464"}],"curies":[{"name":"wp","href":"https:\/\/api.w.org\/{rel}","templated":true}]}}