{"id":3573,"date":"2025-03-26T17:55:19","date_gmt":"2025-03-26T16:55:19","guid":{"rendered":"https:\/\/www.deinsen.de\/?p=3573"},"modified":"2025-03-26T18:03:51","modified_gmt":"2025-03-26T17:03:51","slug":"vom-futter-bis-zum-kaese","status":"publish","type":"post","link":"https:\/\/www.deinsen.de\/?p=3573","title":{"rendered":"Vom Futter bis zum K\u00e4se"},"content":{"rendered":"\n<p><strong>DRK Deinsen besucht Echt Schaf in Betheln<\/strong><br>Am 25.3.25 hatte der DRK-Ortsverein Deinsen die Gelegenheit, den familiengef\u00fchrten Biohof &#8222;Echt Schaf&#8220; in Betheln zu besuchen. Der Hof, der sich auf die Erhaltung bedrohter Nutztierrassen und die Produktion von Bio-Schafk\u00e4se spezialisiert hat, \u00f6ffnete seine T\u00fcren f\u00fcr die Besucher und bot spannende Einblicke in seine nachhaltige Arbeitsweise.<\/p>\n\n\n\n<p>Die G\u00e4ste wurden herzlich von den drei Generationen der Familie begr\u00fc\u00dft, die gemeinsam den Hof betreiben. W\u00e4hrend der F\u00fchrung erfuhren die Teilnehmer, wie die Schafe des Hofes biologisch angebautes Futter erhalten, das um Betheln geerntet wird. Die Milch der Schafe wird in der hofeigenen Molkerei zu hochwertigem Bio-Schafk\u00e4se verarbeitet \u2013 ganz ohne k\u00fcnstliche Zusatzstoffe.<\/p>\n\n\n\n<p>Besonders beeindruckend war die Philosophie des Hofes, die auf Nachhaltigkeit und Regionalit\u00e4t setzt. &#8222;Alles, was unsere Schafe ben\u00f6tigen, bauen wir selbst an oder ernten wir hier in der Region,&#8220; erkl\u00e4rte die Familie. Diese Herangehensweise sichert nicht nur die Qualit\u00e4t der Produkte, sondern tr\u00e4gt auch zum Schutz der Umwelt und der Artenvielfalt bei.<\/p>\n\n\n\n<p>Die Mitglieder des DRK Deinsen zeigten sich begeistert von der M\u00f6glichkeit, die Arbeit auf einem Biohof hautnah zu erleben. Der Besuch endete mit einer Verkostung des k\u00f6stlichen Bio-Schafk\u00e4ses, der bei allen gro\u00dfen Anklang fand.<\/p>\n\n\n\n<p>Der Besuch bei Echt Schaf war nicht nur informativ, sondern auch ein Beispiel daf\u00fcr, wie regionale Landwirtschaft und nachhaltige Produktion einen positiven Einfluss auf unsere Gesellschaft haben k\u00f6nnen. Der DRK Deinsen bedankt sich herzlich bei der Familie Bergmann f\u00fcr die Gastfreundschaft und die wertvollen Einblicke.<\/p>\n\n\n\n<figure class=\"wp-block-gallery has-nested-images columns-default is-cropped wp-block-gallery-1 is-layout-flex wp-block-gallery-is-layout-flex\">\n<figure class=\"wp-block-image size-large\"><a href=\"https:\/\/www.deinsen.de\/wp-content\/uploads\/Echt-Schaf-Druck-.jpg\"><img loading=\"lazy\" decoding=\"async\" width=\"819\" height=\"1024\" data-id=\"3558\" src=\"https:\/\/www.deinsen.de\/wp-content\/uploads\/Echt-Schaf-Druck--819x1024.jpg\" alt=\"\" class=\"wp-image-3558\" srcset=\"https:\/\/www.deinsen.de\/wp-content\/uploads\/Echt-Schaf-Druck--819x1024.jpg 819w, https:\/\/www.deinsen.de\/wp-content\/uploads\/Echt-Schaf-Druck--240x300.jpg 240w, https:\/\/www.deinsen.de\/wp-content\/uploads\/Echt-Schaf-Druck--768x960.jpg 768w, https:\/\/www.deinsen.de\/wp-content\/uploads\/Echt-Schaf-Druck-.jpg 1080w\" sizes=\"auto, (max-width: 819px) 100vw, 819px\" \/><\/a><\/figure>\n\n\n\n<figure class=\"wp-block-image size-large\"><a href=\"https:\/\/www.deinsen.de\/wp-content\/uploads\/PXL_20250325_160729229.jpg\"><img loading=\"lazy\" decoding=\"async\" width=\"771\" height=\"1024\" data-id=\"3559\" src=\"https:\/\/www.deinsen.de\/wp-content\/uploads\/PXL_20250325_160729229-771x1024.jpg\" alt=\"\" class=\"wp-image-3559\" srcset=\"https:\/\/www.deinsen.de\/wp-content\/uploads\/PXL_20250325_160729229-771x1024.jpg 771w, https:\/\/www.deinsen.de\/wp-content\/uploads\/PXL_20250325_160729229-226x300.jpg 226w, https:\/\/www.deinsen.de\/wp-content\/uploads\/PXL_20250325_160729229-768x1020.jpg 768w, https:\/\/www.deinsen.de\/wp-content\/uploads\/PXL_20250325_160729229-1157x1536.jpg 1157w, https:\/\/www.deinsen.de\/wp-content\/uploads\/PXL_20250325_160729229.jpg 1205w\" sizes=\"auto, (max-width: 771px) 100vw, 771px\" \/><\/a><figcaption class=\"wp-element-caption\">ca. von Oktober bis M\u00e4rz bleiben die Schafe im Stall<\/figcaption><\/figure>\n\n\n\n<figure class=\"wp-block-image size-large\"><a href=\"https:\/\/www.deinsen.de\/wp-content\/uploads\/PXL_20250325_160732057.jpg\"><img loading=\"lazy\" decoding=\"async\" width=\"771\" height=\"1024\" data-id=\"3560\" src=\"https:\/\/www.deinsen.de\/wp-content\/uploads\/PXL_20250325_160732057-771x1024.jpg\" alt=\"\" class=\"wp-image-3560\" srcset=\"https:\/\/www.deinsen.de\/wp-content\/uploads\/PXL_20250325_160732057-771x1024.jpg 771w, https:\/\/www.deinsen.de\/wp-content\/uploads\/PXL_20250325_160732057-226x300.jpg 226w, https:\/\/www.deinsen.de\/wp-content\/uploads\/PXL_20250325_160732057-768x1020.jpg 768w, https:\/\/www.deinsen.de\/wp-content\/uploads\/PXL_20250325_160732057-1157x1536.jpg 1157w, https:\/\/www.deinsen.de\/wp-content\/uploads\/PXL_20250325_160732057.jpg 1205w\" sizes=\"auto, (max-width: 771px) 100vw, 771px\" \/><\/a><\/figure>\n\n\n\n<figure class=\"wp-block-image size-large\"><a href=\"https:\/\/www.deinsen.de\/wp-content\/uploads\/PXL_20250325_160747499.MP_.jpg\"><img loading=\"lazy\" decoding=\"async\" width=\"771\" height=\"1024\" data-id=\"3561\" src=\"https:\/\/www.deinsen.de\/wp-content\/uploads\/PXL_20250325_160747499.MP_-771x1024.jpg\" alt=\"\" class=\"wp-image-3561\" srcset=\"https:\/\/www.deinsen.de\/wp-content\/uploads\/PXL_20250325_160747499.MP_-771x1024.jpg 771w, https:\/\/www.deinsen.de\/wp-content\/uploads\/PXL_20250325_160747499.MP_-226x300.jpg 226w, https:\/\/www.deinsen.de\/wp-content\/uploads\/PXL_20250325_160747499.MP_-768x1020.jpg 768w, https:\/\/www.deinsen.de\/wp-content\/uploads\/PXL_20250325_160747499.MP_-1157x1536.jpg 1157w, https:\/\/www.deinsen.de\/wp-content\/uploads\/PXL_20250325_160747499.MP_.jpg 1205w\" sizes=\"auto, (max-width: 771px) 100vw, 771px\" \/><\/a><figcaption class=\"wp-element-caption\">Die Herde hat eine Gr\u00f6\u00dfe von 100 &#8211; 120 Schafen und immer sind sie zutraulich<\/figcaption><\/figure>\n\n\n\n<figure class=\"wp-block-image size-large\"><a href=\"https:\/\/www.deinsen.de\/wp-content\/uploads\/PXL_20250325_160815211.jpg\"><img loading=\"lazy\" decoding=\"async\" width=\"771\" height=\"1024\" data-id=\"3562\" src=\"https:\/\/www.deinsen.de\/wp-content\/uploads\/PXL_20250325_160815211-771x1024.jpg\" alt=\"\" class=\"wp-image-3562\" srcset=\"https:\/\/www.deinsen.de\/wp-content\/uploads\/PXL_20250325_160815211-771x1024.jpg 771w, https:\/\/www.deinsen.de\/wp-content\/uploads\/PXL_20250325_160815211-226x300.jpg 226w, https:\/\/www.deinsen.de\/wp-content\/uploads\/PXL_20250325_160815211-768x1020.jpg 768w, https:\/\/www.deinsen.de\/wp-content\/uploads\/PXL_20250325_160815211-1157x1536.jpg 1157w, https:\/\/www.deinsen.de\/wp-content\/uploads\/PXL_20250325_160815211.jpg 1205w\" sizes=\"auto, (max-width: 771px) 100vw, 771px\" \/><\/a><figcaption class=\"wp-element-caption\">Im Winter wird zu gef\u00fcttert, z.B. Hafer, Gerste, Lupine, Erbsen etc.<\/figcaption><\/figure>\n\n\n\n<figure class=\"wp-block-image size-large\"><a href=\"https:\/\/www.deinsen.de\/wp-content\/uploads\/PXL_20250325_160845011.jpg\"><img loading=\"lazy\" decoding=\"async\" width=\"771\" height=\"1024\" data-id=\"3563\" src=\"https:\/\/www.deinsen.de\/wp-content\/uploads\/PXL_20250325_160845011-771x1024.jpg\" alt=\"\" class=\"wp-image-3563\" srcset=\"https:\/\/www.deinsen.de\/wp-content\/uploads\/PXL_20250325_160845011-771x1024.jpg 771w, https:\/\/www.deinsen.de\/wp-content\/uploads\/PXL_20250325_160845011-226x300.jpg 226w, https:\/\/www.deinsen.de\/wp-content\/uploads\/PXL_20250325_160845011-768x1020.jpg 768w, https:\/\/www.deinsen.de\/wp-content\/uploads\/PXL_20250325_160845011-1157x1536.jpg 1157w, https:\/\/www.deinsen.de\/wp-content\/uploads\/PXL_20250325_160845011.jpg 1205w\" sizes=\"auto, (max-width: 771px) 100vw, 771px\" \/><\/a><\/figure>\n\n\n\n<figure class=\"wp-block-image size-large\"><a href=\"https:\/\/www.deinsen.de\/wp-content\/uploads\/PXL_20250325_160941848.jpg\"><img loading=\"lazy\" decoding=\"async\" width=\"771\" height=\"1024\" data-id=\"3564\" src=\"https:\/\/www.deinsen.de\/wp-content\/uploads\/PXL_20250325_160941848-771x1024.jpg\" alt=\"\" class=\"wp-image-3564\" srcset=\"https:\/\/www.deinsen.de\/wp-content\/uploads\/PXL_20250325_160941848-771x1024.jpg 771w, https:\/\/www.deinsen.de\/wp-content\/uploads\/PXL_20250325_160941848-226x300.jpg 226w, https:\/\/www.deinsen.de\/wp-content\/uploads\/PXL_20250325_160941848-768x1020.jpg 768w, https:\/\/www.deinsen.de\/wp-content\/uploads\/PXL_20250325_160941848-1157x1536.jpg 1157w, https:\/\/www.deinsen.de\/wp-content\/uploads\/PXL_20250325_160941848.jpg 1205w\" sizes=\"auto, (max-width: 771px) 100vw, 771px\" \/><\/a><\/figure>\n\n\n\n<figure class=\"wp-block-image size-large\"><a href=\"https:\/\/www.deinsen.de\/wp-content\/uploads\/PXL_20250325_161310168.jpg\"><img loading=\"lazy\" decoding=\"async\" width=\"771\" height=\"1024\" data-id=\"3565\" src=\"https:\/\/www.deinsen.de\/wp-content\/uploads\/PXL_20250325_161310168-771x1024.jpg\" alt=\"\" class=\"wp-image-3565\" srcset=\"https:\/\/www.deinsen.de\/wp-content\/uploads\/PXL_20250325_161310168-771x1024.jpg 771w, https:\/\/www.deinsen.de\/wp-content\/uploads\/PXL_20250325_161310168-226x300.jpg 226w, https:\/\/www.deinsen.de\/wp-content\/uploads\/PXL_20250325_161310168-768x1020.jpg 768w, https:\/\/www.deinsen.de\/wp-content\/uploads\/PXL_20250325_161310168-1157x1536.jpg 1157w, https:\/\/www.deinsen.de\/wp-content\/uploads\/PXL_20250325_161310168.jpg 1205w\" sizes=\"auto, (max-width: 771px) 100vw, 771px\" \/><\/a><\/figure>\n\n\n\n<figure class=\"wp-block-image size-large\"><a href=\"https:\/\/www.deinsen.de\/wp-content\/uploads\/PXL_20250325_161858487.MP_.jpg\"><img loading=\"lazy\" decoding=\"async\" width=\"771\" height=\"1024\" data-id=\"3566\" src=\"https:\/\/www.deinsen.de\/wp-content\/uploads\/PXL_20250325_161858487.MP_-771x1024.jpg\" alt=\"\" class=\"wp-image-3566\" srcset=\"https:\/\/www.deinsen.de\/wp-content\/uploads\/PXL_20250325_161858487.MP_-771x1024.jpg 771w, https:\/\/www.deinsen.de\/wp-content\/uploads\/PXL_20250325_161858487.MP_-226x300.jpg 226w, https:\/\/www.deinsen.de\/wp-content\/uploads\/PXL_20250325_161858487.MP_-768x1020.jpg 768w, https:\/\/www.deinsen.de\/wp-content\/uploads\/PXL_20250325_161858487.MP_-1157x1536.jpg 1157w, https:\/\/www.deinsen.de\/wp-content\/uploads\/PXL_20250325_161858487.MP_.jpg 1205w\" sizes=\"auto, (max-width: 771px) 100vw, 771px\" \/><\/a><figcaption class=\"wp-element-caption\">anmelken<\/figcaption><\/figure>\n\n\n\n<figure class=\"wp-block-image size-large\"><a href=\"https:\/\/www.deinsen.de\/wp-content\/uploads\/PXL_20250325_162018107.MP_.jpg\"><img loading=\"lazy\" decoding=\"async\" width=\"771\" height=\"1024\" data-id=\"3567\" src=\"https:\/\/www.deinsen.de\/wp-content\/uploads\/PXL_20250325_162018107.MP_-771x1024.jpg\" alt=\"\" class=\"wp-image-3567\" srcset=\"https:\/\/www.deinsen.de\/wp-content\/uploads\/PXL_20250325_162018107.MP_-771x1024.jpg 771w, https:\/\/www.deinsen.de\/wp-content\/uploads\/PXL_20250325_162018107.MP_-226x300.jpg 226w, https:\/\/www.deinsen.de\/wp-content\/uploads\/PXL_20250325_162018107.MP_-768x1020.jpg 768w, https:\/\/www.deinsen.de\/wp-content\/uploads\/PXL_20250325_162018107.MP_-1157x1536.jpg 1157w, https:\/\/www.deinsen.de\/wp-content\/uploads\/PXL_20250325_162018107.MP_.jpg 1205w\" sizes=\"auto, (max-width: 771px) 100vw, 771px\" \/><\/a><\/figure>\n\n\n\n<figure class=\"wp-block-image size-large\"><a href=\"https:\/\/www.deinsen.de\/wp-content\/uploads\/PXL_20250325_162023206.MP_.jpg\"><img loading=\"lazy\" decoding=\"async\" width=\"771\" height=\"1024\" data-id=\"3568\" src=\"https:\/\/www.deinsen.de\/wp-content\/uploads\/PXL_20250325_162023206.MP_-771x1024.jpg\" alt=\"\" class=\"wp-image-3568\" srcset=\"https:\/\/www.deinsen.de\/wp-content\/uploads\/PXL_20250325_162023206.MP_-771x1024.jpg 771w, https:\/\/www.deinsen.de\/wp-content\/uploads\/PXL_20250325_162023206.MP_-226x300.jpg 226w, https:\/\/www.deinsen.de\/wp-content\/uploads\/PXL_20250325_162023206.MP_-768x1020.jpg 768w, https:\/\/www.deinsen.de\/wp-content\/uploads\/PXL_20250325_162023206.MP_-1157x1536.jpg 1157w, https:\/\/www.deinsen.de\/wp-content\/uploads\/PXL_20250325_162023206.MP_.jpg 1205w\" sizes=\"auto, (max-width: 771px) 100vw, 771px\" \/><\/a><figcaption class=\"wp-element-caption\">Vorbereitung zum Melken der Schafe<\/figcaption><\/figure>\n\n\n\n<figure class=\"wp-block-image size-large\"><a href=\"https:\/\/www.deinsen.de\/wp-content\/uploads\/PXL_20250325_162138193.jpg\"><img loading=\"lazy\" decoding=\"async\" width=\"771\" height=\"1024\" data-id=\"3569\" src=\"https:\/\/www.deinsen.de\/wp-content\/uploads\/PXL_20250325_162138193-771x1024.jpg\" alt=\"\" class=\"wp-image-3569\" srcset=\"https:\/\/www.deinsen.de\/wp-content\/uploads\/PXL_20250325_162138193-771x1024.jpg 771w, https:\/\/www.deinsen.de\/wp-content\/uploads\/PXL_20250325_162138193-226x300.jpg 226w, https:\/\/www.deinsen.de\/wp-content\/uploads\/PXL_20250325_162138193-768x1020.jpg 768w, https:\/\/www.deinsen.de\/wp-content\/uploads\/PXL_20250325_162138193-1157x1536.jpg 1157w, https:\/\/www.deinsen.de\/wp-content\/uploads\/PXL_20250325_162138193.jpg 1205w\" sizes=\"auto, (max-width: 771px) 100vw, 771px\" \/><\/a><\/figure>\n\n\n\n<figure class=\"wp-block-image size-large\"><a href=\"https:\/\/www.deinsen.de\/wp-content\/uploads\/PXL_20250325_162141059.MP_.jpg\"><img loading=\"lazy\" decoding=\"async\" width=\"771\" height=\"1024\" data-id=\"3570\" src=\"https:\/\/www.deinsen.de\/wp-content\/uploads\/PXL_20250325_162141059.MP_-771x1024.jpg\" alt=\"\" class=\"wp-image-3570\" srcset=\"https:\/\/www.deinsen.de\/wp-content\/uploads\/PXL_20250325_162141059.MP_-771x1024.jpg 771w, https:\/\/www.deinsen.de\/wp-content\/uploads\/PXL_20250325_162141059.MP_-226x300.jpg 226w, https:\/\/www.deinsen.de\/wp-content\/uploads\/PXL_20250325_162141059.MP_-768x1020.jpg 768w, https:\/\/www.deinsen.de\/wp-content\/uploads\/PXL_20250325_162141059.MP_-1157x1536.jpg 1157w, https:\/\/www.deinsen.de\/wp-content\/uploads\/PXL_20250325_162141059.MP_.jpg 1205w\" sizes=\"auto, (max-width: 771px) 100vw, 771px\" \/><\/a><figcaption class=\"wp-element-caption\">durchschnittlich 1,5 l Milch\/Schaf mit bis zu 60 % Fettgehalt<\/figcaption><\/figure>\n\n\n\n<figure class=\"wp-block-image size-large\"><a href=\"https:\/\/www.deinsen.de\/wp-content\/uploads\/PXL_20250325_163043656.MP_.jpg\"><img loading=\"lazy\" decoding=\"async\" width=\"771\" height=\"1024\" data-id=\"3571\" src=\"https:\/\/www.deinsen.de\/wp-content\/uploads\/PXL_20250325_163043656.MP_-771x1024.jpg\" alt=\"\" class=\"wp-image-3571\" srcset=\"https:\/\/www.deinsen.de\/wp-content\/uploads\/PXL_20250325_163043656.MP_-771x1024.jpg 771w, https:\/\/www.deinsen.de\/wp-content\/uploads\/PXL_20250325_163043656.MP_-226x300.jpg 226w, https:\/\/www.deinsen.de\/wp-content\/uploads\/PXL_20250325_163043656.MP_-768x1020.jpg 768w, https:\/\/www.deinsen.de\/wp-content\/uploads\/PXL_20250325_163043656.MP_-1157x1536.jpg 1157w, https:\/\/www.deinsen.de\/wp-content\/uploads\/PXL_20250325_163043656.MP_.jpg 1205w\" sizes=\"auto, (max-width: 771px) 100vw, 771px\" \/><\/a><\/figure>\n\n\n\n<figure class=\"wp-block-image size-large\"><a href=\"https:\/\/www.deinsen.de\/wp-content\/uploads\/PXL_20250325_163457557.jpg\"><img loading=\"lazy\" decoding=\"async\" width=\"771\" height=\"1024\" data-id=\"3572\" src=\"https:\/\/www.deinsen.de\/wp-content\/uploads\/PXL_20250325_163457557-771x1024.jpg\" alt=\"\" class=\"wp-image-3572\" srcset=\"https:\/\/www.deinsen.de\/wp-content\/uploads\/PXL_20250325_163457557-771x1024.jpg 771w, https:\/\/www.deinsen.de\/wp-content\/uploads\/PXL_20250325_163457557-226x300.jpg 226w, https:\/\/www.deinsen.de\/wp-content\/uploads\/PXL_20250325_163457557-768x1020.jpg 768w, https:\/\/www.deinsen.de\/wp-content\/uploads\/PXL_20250325_163457557-1157x1536.jpg 1157w, https:\/\/www.deinsen.de\/wp-content\/uploads\/PXL_20250325_163457557.jpg 1205w\" sizes=\"auto, (max-width: 771px) 100vw, 771px\" \/><\/a><figcaption class=\"wp-element-caption\">bis zu 20 verschiedene Sorten an Schafsk\u00e4se werden bei Echt Schaf in der K\u00e4serei hergestellt.<\/figcaption><\/figure>\n<\/figure>\n","protected":false},"excerpt":{"rendered":"<p>DRK Deinsen besucht Echt Schaf in BethelnAm 25.3.25 hatte der DRK-Ortsverein Deinsen die Gelegenheit, den familiengef\u00fchrten Biohof &#8222;Echt Schaf&#8220; in Betheln zu besuchen. Der Hof, der sich auf die Erhaltung<\/p>\n","protected":false},"author":1,"featured_media":3576,"comment_status":"closed","ping_status":"closed","sticky":false,"template":"","format":"standard","meta":{"footnotes":""},"categories":[80,1],"tags":[],"class_list":["post-3573","post","type-post","status-publish","format-standard","has-post-thumbnail","hentry","category-80","category-uncategorized"],"_links":{"self":[{"href":"https:\/\/www.deinsen.de\/index.php?rest_route=\/wp\/v2\/posts\/3573","targetHints":{"allow":["GET"]}}],"collection":[{"href":"https:\/\/www.deinsen.de\/index.php?rest_route=\/wp\/v2\/posts"}],"about":[{"href":"https:\/\/www.deinsen.de\/index.php?rest_route=\/wp\/v2\/types\/post"}],"author":[{"embeddable":true,"href":"https:\/\/www.deinsen.de\/index.php?rest_route=\/wp\/v2\/users\/1"}],"replies":[{"embeddable":true,"href":"https:\/\/www.deinsen.de\/index.php?rest_route=%2Fwp%2Fv2%2Fcomments&post=3573"}],"version-history":[{"count":2,"href":"https:\/\/www.deinsen.de\/index.php?rest_route=\/wp\/v2\/posts\/3573\/revisions"}],"predecessor-version":[{"id":3575,"href":"https:\/\/www.deinsen.de\/index.php?rest_route=\/wp\/v2\/posts\/3573\/revisions\/3575"}],"wp:featuredmedia":[{"embeddable":true,"href":"https:\/\/www.deinsen.de\/index.php?rest_route=\/wp\/v2\/media\/3576"}],"wp:attachment":[{"href":"https:\/\/www.deinsen.de\/index.php?rest_route=%2Fwp%2Fv2%2Fmedia&parent=3573"}],"wp:term":[{"taxonomy":"category","embeddable":true,"href":"https:\/\/www.deinsen.de\/index.php?rest_route=%2Fwp%2Fv2%2Fcategories&post=3573"},{"taxonomy":"post_tag","embeddable":true,"href":"https:\/\/www.deinsen.de\/index.php?rest_route=%2Fwp%2Fv2%2Ftags&post=3573"}],"curies":[{"name":"wp","href":"https:\/\/api.w.org\/{rel}","templated":true}]}}