{"id":3950,"date":"2025-09-11T13:56:02","date_gmt":"2025-09-11T11:56:02","guid":{"rendered":"https:\/\/www.deinsen.de\/?p=3950"},"modified":"2025-09-11T14:25:21","modified_gmt":"2025-09-11T12:25:21","slug":"vortrag-zur-elektronischen-patientenakte-in-deinsen","status":"publish","type":"post","link":"https:\/\/www.deinsen.de\/?p=3950","title":{"rendered":"Vortrag zur elektronischen Patientenakte in Deinsen"},"content":{"rendered":"\n<p>(9.9.25) Deinsen. \u2013 Auf Einladung des DRK Deinsen und des SoVD Eime fand am vergangenen Mittwoch ein informativer Vortrag zur elektronischen Patientenakte (ePA) statt. Ortrud Michael, Vorstandsmitglied beider Organisationen, begr\u00fc\u00dfte dazu Frau Fennen von der AOK Gesundheitskasse Niedersachsen, Hannover, im Dorfgemeinschaftshaus. Rund 40 interessierte B\u00fcrgerinnen und B\u00fcrger nutzten die Gelegenheit, sich aus erster Hand zu informieren.<\/p>\n\n\n\n<p>In ihrem Vortrag stellte Frau Fennen den aktuellen Stand der ePA vor. Sie erkl\u00e4rte, welche Daten k\u00fcnftig in der elektronischen Patientenakte gespeichert werden k\u00f6nnen \u2013 etwa Befunde, Laborwerte, R\u00f6ntgenbilder oder Medikationspl\u00e4ne \u2013 und wie die Versicherten selbst bestimmen, wer Zugriff darauf erh\u00e4lt. Besonders interessant waren f\u00fcr viele Zuh\u00f6rer die Fragen nach den Vorteilen und m\u00f6glichen Nachteilen: W\u00e4hrend die ePA \u00c4rzten und Patienten Zeit spart, Doppeluntersuchungen vermeidet und die Behandlung transparenter macht, bleiben Datenschutz und Datensicherheit wichtige Themen.<\/p>\n\n\n\n<p>Auch auf Fragen zur Nutzung innerhalb der Familie ging Frau Fennen ein: Eltern k\u00f6nnen die ePA ihrer Kinder verwalten, ebenso k\u00f6nnen Angeh\u00f6rige mit entsprechender Berechtigung eingebunden werden. Ein weiterer Punkt war die Zug\u00e4nglichkeit ohne Smartphone \u2013 auch ohne eigenes Ger\u00e4t bleibt die Nutzung \u00fcber Arztpraxen oder Krankenkassen-Portale m\u00f6glich. Perspektivisch sollen noch weitere Funktionen angeschlossen werden, etwa die Integration von Impf- und Vorsorgeheften.<\/p>\n\n\n\n<p>Nach einer regen Fragerunde waren sich viele Besucher einig: Der Abend hat sich gelohnt. \u201eGut, dass ich gekommen bin\u201c, war ein oft geh\u00f6rter Kommentar beim Verlassen des Saals. Alle gingen mit dem Gef\u00fchl nach Hause, besser informiert zu sein und ein wichtiges Zukunftsthema greifbarer verstanden zu haben.<\/p>\n\n\n\n<figure class=\"wp-block-image size-large\"><img loading=\"lazy\" decoding=\"async\" width=\"1024\" height=\"692\" src=\"https:\/\/www.deinsen.de\/wp-content\/uploads\/PXL_20250909_154720013.MP_-1024x692.jpg\" alt=\"\" class=\"wp-image-3953\" srcset=\"https:\/\/www.deinsen.de\/wp-content\/uploads\/PXL_20250909_154720013.MP_-1024x692.jpg 1024w, https:\/\/www.deinsen.de\/wp-content\/uploads\/PXL_20250909_154720013.MP_-300x203.jpg 300w, https:\/\/www.deinsen.de\/wp-content\/uploads\/PXL_20250909_154720013.MP_-768x519.jpg 768w, https:\/\/www.deinsen.de\/wp-content\/uploads\/PXL_20250909_154720013.MP_-120x80.jpg 120w, https:\/\/www.deinsen.de\/wp-content\/uploads\/PXL_20250909_154720013.MP_.jpg 1200w\" sizes=\"auto, (max-width: 1024px) 100vw, 1024px\" \/><\/figure>\n","protected":false},"excerpt":{"rendered":"<p>(9.9.25) Deinsen. \u2013 Auf Einladung des DRK Deinsen und des SoVD Eime fand am vergangenen Mittwoch ein informativer Vortrag zur elektronischen Patientenakte (ePA) statt. Ortrud Michael, Vorstandsmitglied beider Organisationen, begr\u00fc\u00dfte<\/p>\n","protected":false},"author":1,"featured_media":3952,"comment_status":"closed","ping_status":"closed","sticky":false,"template":"","format":"standard","meta":{"footnotes":""},"categories":[80,1],"tags":[],"class_list":["post-3950","post","type-post","status-publish","format-standard","has-post-thumbnail","hentry","category-80","category-uncategorized"],"_links":{"self":[{"href":"https:\/\/www.deinsen.de\/index.php?rest_route=\/wp\/v2\/posts\/3950","targetHints":{"allow":["GET"]}}],"collection":[{"href":"https:\/\/www.deinsen.de\/index.php?rest_route=\/wp\/v2\/posts"}],"about":[{"href":"https:\/\/www.deinsen.de\/index.php?rest_route=\/wp\/v2\/types\/post"}],"author":[{"embeddable":true,"href":"https:\/\/www.deinsen.de\/index.php?rest_route=\/wp\/v2\/users\/1"}],"replies":[{"embeddable":true,"href":"https:\/\/www.deinsen.de\/index.php?rest_route=%2Fwp%2Fv2%2Fcomments&post=3950"}],"version-history":[{"count":2,"href":"https:\/\/www.deinsen.de\/index.php?rest_route=\/wp\/v2\/posts\/3950\/revisions"}],"predecessor-version":[{"id":3954,"href":"https:\/\/www.deinsen.de\/index.php?rest_route=\/wp\/v2\/posts\/3950\/revisions\/3954"}],"wp:featuredmedia":[{"embeddable":true,"href":"https:\/\/www.deinsen.de\/index.php?rest_route=\/wp\/v2\/media\/3952"}],"wp:attachment":[{"href":"https:\/\/www.deinsen.de\/index.php?rest_route=%2Fwp%2Fv2%2Fmedia&parent=3950"}],"wp:term":[{"taxonomy":"category","embeddable":true,"href":"https:\/\/www.deinsen.de\/index.php?rest_route=%2Fwp%2Fv2%2Fcategories&post=3950"},{"taxonomy":"post_tag","embeddable":true,"href":"https:\/\/www.deinsen.de\/index.php?rest_route=%2Fwp%2Fv2%2Ftags&post=3950"}],"curies":[{"name":"wp","href":"https:\/\/api.w.org\/{rel}","templated":true}]}}