{"id":3961,"date":"2025-09-11T14:20:48","date_gmt":"2025-09-11T12:20:48","guid":{"rendered":"https:\/\/www.deinsen.de\/?p=3961"},"modified":"2026-02-27T16:32:10","modified_gmt":"2026-02-27T15:32:10","slug":"fata-morgana-in-deinsen-ein-neuer-bodenkunstschatz-im-landkreis-hildesheim","status":"publish","type":"post","link":"https:\/\/www.deinsen.de\/?p=3961","title":{"rendered":"Fata Morgana in Deinsen \u2013 ein neuer BodenKunstSchatz im Landkreis Hildesheim"},"content":{"rendered":"\n<p>(11.08.2025) Mitten in der weiten Landschaft am K\u00fclf &nbsp;bei Deinsen ist ein neuer k\u00fcnstlerischer Blickfang entstanden: Die niederl\u00e4ndische K\u00fcnstlerin <strong>Karin van der Molen<\/strong> hat ihre Installation <em>\u201eFata Morgana\u201c<\/em> vollendet \u2013 eines von zehn Kunstwerken des Projekts <strong>BodenKunstSch\u00e4tze<\/strong> im Landkreis Hildesheim.<\/p>\n\n\n\n<p><strong>Spontane Er\u00f6ffnung mit Dorfbezug<\/strong><\/p>\n\n\n\n<p>Zur Fertigstellung des Kunstwerks versammelten sich spontan interessierte Bewohnerinnen und Bewohner aus Deinsen direkt vor Ort. Nach einer kurzen Begr\u00fc\u00dfung durch <strong>Ortrud Michael<\/strong>, Dorfmoderatorin in Deinsen, gab <strong>Birgit Krau\u00df<\/strong> vom Kulturb\u00fcro Hildesheim Einblicke in das Projekt. Anschlie\u00dfend erz\u00e4hlte Karin van der Molen selbst, warum sie sich f\u00fcr dieses Werk entschied:<\/p>\n\n\n\n<p>Die Arbeit besteht aus drei transparenten Heuhaufenformen, die wie stille Erinnerungen an vergangene Zeiten wirken. Einst pr\u00e4gten solche Heuhaufen die Felder der Region \u2013 Sinnbilder f\u00fcr das enge Miteinander von Mensch, Tier und Erde. Heute sind sie aus dem Landschaftsbild verschwunden. In van der Molens Installation tauchen sie neu auf: nicht mehr als praktische Objekte, sondern als fragile, durchscheinende Kunstwerke. Sie erscheinen fl\u00fcchtig, fast unwirklich \u2013 wie eine Fata Morgana, die zugleich von Geschichte erz\u00e4hlt und den Blick f\u00fcr die Landschaft neu \u00f6ffnet.<\/p>\n\n\n\n<p>Feierlich \u00fcbergab die K\u00fcnstlerin ihre Installation in die Obhut von <strong>Andreas Stucke<\/strong>, dem Eigent\u00fcmer der Wiese am K\u00fclf. Er hatte das Projekt in den vergangenen Tagen bereits tatkr\u00e4ftig unterst\u00fctzt. Als es bei der Umsetzung kleine Material-Engp\u00e4sse gab, sprang die Deinser Dorfgemeinschaft kurzerhand helfend ein \u2013 ein weiteres Beispiel f\u00fcr das starke Miteinander im Ort.<\/p>\n\n\n\n<p><strong>\u00dcber die K\u00fcnstlerin<\/strong><\/p>\n\n\n\n<p>Karin van der Molen ist international f\u00fcr ihre ortsspezifischen Land-Art-Installationen bekannt. Ihre Arbeiten entstehen stets im Dialog mit der Umgebung \u2013 mit nat\u00fcrlichen Materialien wie Holz, Stroh oder Weidenruten, aber auch mit ungew\u00f6hnlichen Werkstoffen wie Porzellan oder Metall. Weltweit hat sie bereits Projekte realisiert: In Japan etwa sammelte sie mit der Bev\u00f6lkerung zerbrochenes Porzellan und verwandelte es in ein Kunstwerk, das alte Pilgertraditionen aufgriff. In Deutschland verarbeitete sie Weinf\u00e4sser zu skulpturalen S\u00e4ulen, die mit Porzellan-Mosaiken bedeckt waren.<\/p>\n\n\n\n<p>\u201e<em>Nature is without distinction, without prejudice, without good or bad\u2026 My environmental art is my way to open this experience<\/em>\u201c, beschreibt van der Molen ihre k\u00fcnstlerische Haltung.<\/p>\n\n\n\n<p><strong>Das Projekt BodenKunstSch\u00e4tze<\/strong><\/p>\n\n\n\n<p>Die Installation in Deinsen ist Teil des Projekts <strong>BodenKunstSch\u00e4tze<\/strong>, das an neun Orten im Landkreis Hildesheim umgesetzt wird. Internationale K\u00fcnstlerinnen und K\u00fcnstler setzen sich darin mit dem Boden auseinander \u2013 als Lebensgrundlage, Speicher von Geschichte und Tr\u00e4ger kultureller Bedeutung. Neben den Kunstwerken gibt es ein Begleitprogramm mit Diskussionen, F\u00fchrungen und Aktionen, bei denen auch das <strong>Hildesheimer Bodenb\u00fcndnis<\/strong> als Initiator des Projekts eine Rolle spielt.<\/p>\n\n\n\n<p>Tr\u00e4ger des Projekts sind der <strong>Cluster e.V.<\/strong> und die <strong>Cluster Projekte GmbH<\/strong>. Gef\u00f6rdert wird es von der <strong>Europ\u00e4ischen Union \u00fcber LEADER<\/strong>, dem <strong>Landschaftsverband Hildesheim<\/strong> und dem <strong>Landkreis Hildesheim<\/strong>.<\/p>\n\n\n\n<p>Weitere Informationen zu den Ausstellungsorten und Terminen gibt es online unter:<\/p>\n\n\n\n<p><a href=\"https:\/\/www.kulturium.de\/Kulturverst%C3%A4rkung\/Projekte\/BodenKunstSch%C3%A4tze\/Deinsen-Gronau-Karin-van-der-Molen-Fata-Morgana.php?object=tx,3662.1900.1&amp;NavID=3662.146&amp;La=1\">\ud83d\udc49<\/a><a href=\"https:\/\/www.kulturium.de\/Kulturverst%C3%A4rkung\/Projekte\/BodenKunstSch%C3%A4tze\/Deinsen-Gronau-Karin-van-der-Molen-Fata-Morgana.php?object=tx,3662.1900.1&amp;NavID=3662.146&amp;La=1\">https:\/\/www.kulturium.de\/Kulturverst%C3%A4rkung\/Projekte\/BodenKunstSch%C3%A4tze\/Deinsen-Gronau-Karin-van-der-Molen-Fata-Morgana.php?object=tx,3662.1900.1&amp;NavID=3662.146&amp;La=1<\/a><\/p>\n\n\n\n<p><br>\ud83d\udc49 <a href=\"https:\/\/www.kulturregionale.de\/de\/magazin\/bodenkunstschaetze\">www.kulturregionale.de\/de\/magazin\/bodenkunstschaetze<\/a>    <\/p>\n\n\n\n<p><br>\ud83d\udc49 <a href=\"http:\/\/karinvandermolen.nl\">www.karinvandermolen.nl<\/a><\/p>\n\n\n\n<figure class=\"wp-block-gallery has-nested-images columns-default is-cropped wp-block-gallery-1 is-layout-flex wp-block-gallery-is-layout-flex\">\n<figure class=\"wp-block-image size-large\"><a href=\"https:\/\/www.deinsen.de\/wp-content\/uploads\/Fata-Morgana.jpg\"><img loading=\"lazy\" decoding=\"async\" width=\"1024\" height=\"768\" data-id=\"3963\" src=\"https:\/\/www.deinsen.de\/wp-content\/uploads\/Fata-Morgana-1024x768.jpg\" alt=\"\" class=\"wp-image-3963\" srcset=\"https:\/\/www.deinsen.de\/wp-content\/uploads\/Fata-Morgana-1024x768.jpg 1024w, https:\/\/www.deinsen.de\/wp-content\/uploads\/Fata-Morgana-300x225.jpg 300w, https:\/\/www.deinsen.de\/wp-content\/uploads\/Fata-Morgana-768x576.jpg 768w, https:\/\/www.deinsen.de\/wp-content\/uploads\/Fata-Morgana.jpg 1200w\" sizes=\"auto, (max-width: 1024px) 100vw, 1024px\" \/><\/a><\/figure>\n\n\n\n<figure class=\"wp-block-image size-large\"><a href=\"https:\/\/www.deinsen.de\/wp-content\/uploads\/PXL_20250829_141849446.MP_.jpg\"><img loading=\"lazy\" decoding=\"async\" width=\"771\" height=\"1024\" data-id=\"3964\" src=\"https:\/\/www.deinsen.de\/wp-content\/uploads\/PXL_20250829_141849446.MP_-771x1024.jpg\" alt=\"\" class=\"wp-image-3964\" srcset=\"https:\/\/www.deinsen.de\/wp-content\/uploads\/PXL_20250829_141849446.MP_-771x1024.jpg 771w, https:\/\/www.deinsen.de\/wp-content\/uploads\/PXL_20250829_141849446.MP_-226x300.jpg 226w, https:\/\/www.deinsen.de\/wp-content\/uploads\/PXL_20250829_141849446.MP_-768x1019.jpg 768w, https:\/\/www.deinsen.de\/wp-content\/uploads\/PXL_20250829_141849446.MP_.jpg 904w\" sizes=\"auto, (max-width: 771px) 100vw, 771px\" \/><\/a><figcaption class=\"wp-element-caption\">Karin van der Molen beim Bau der Fata Morgana<\/figcaption><\/figure>\n\n\n\n<figure class=\"wp-block-image size-large\"><a href=\"https:\/\/www.deinsen.de\/wp-content\/uploads\/PXL_20250901_154155830.MP_.jpg\"><img loading=\"lazy\" decoding=\"async\" width=\"771\" height=\"1024\" data-id=\"3965\" src=\"https:\/\/www.deinsen.de\/wp-content\/uploads\/PXL_20250901_154155830.MP_-771x1024.jpg\" alt=\"\" class=\"wp-image-3965\" srcset=\"https:\/\/www.deinsen.de\/wp-content\/uploads\/PXL_20250901_154155830.MP_-771x1024.jpg 771w, https:\/\/www.deinsen.de\/wp-content\/uploads\/PXL_20250901_154155830.MP_-226x300.jpg 226w, https:\/\/www.deinsen.de\/wp-content\/uploads\/PXL_20250901_154155830.MP_-768x1019.jpg 768w, https:\/\/www.deinsen.de\/wp-content\/uploads\/PXL_20250901_154155830.MP_.jpg 904w\" sizes=\"auto, (max-width: 771px) 100vw, 771px\" \/><\/a><figcaption class=\"wp-element-caption\">Karin und Joke bei der Er\u00f6ffnungsfeier<\/figcaption><\/figure>\n\n\n\n<figure class=\"wp-block-image size-large\"><a href=\"https:\/\/www.deinsen.de\/wp-content\/uploads\/PXL_20250901_160422624.jpg\"><img loading=\"lazy\" decoding=\"async\" width=\"771\" height=\"1024\" data-id=\"3966\" src=\"https:\/\/www.deinsen.de\/wp-content\/uploads\/PXL_20250901_160422624-771x1024.jpg\" alt=\"\" class=\"wp-image-3966\" srcset=\"https:\/\/www.deinsen.de\/wp-content\/uploads\/PXL_20250901_160422624-771x1024.jpg 771w, https:\/\/www.deinsen.de\/wp-content\/uploads\/PXL_20250901_160422624-226x300.jpg 226w, https:\/\/www.deinsen.de\/wp-content\/uploads\/PXL_20250901_160422624-768x1019.jpg 768w, https:\/\/www.deinsen.de\/wp-content\/uploads\/PXL_20250901_160422624.jpg 904w\" sizes=\"auto, (max-width: 771px) 100vw, 771px\" \/><\/a><figcaption class=\"wp-element-caption\">Er\u00f6ffnung in Deinsen<\/figcaption><\/figure>\n\n\n\n<figure class=\"wp-block-image size-large\"><a href=\"https:\/\/www.deinsen.de\/wp-content\/uploads\/PXL_20250901_161447500.PORTRAIT.jpg\"><img loading=\"lazy\" decoding=\"async\" width=\"1024\" height=\"771\" data-id=\"3967\" src=\"https:\/\/www.deinsen.de\/wp-content\/uploads\/PXL_20250901_161447500.PORTRAIT-1024x771.jpg\" alt=\"\" class=\"wp-image-3967\" srcset=\"https:\/\/www.deinsen.de\/wp-content\/uploads\/PXL_20250901_161447500.PORTRAIT-1024x771.jpg 1024w, https:\/\/www.deinsen.de\/wp-content\/uploads\/PXL_20250901_161447500.PORTRAIT-300x226.jpg 300w, https:\/\/www.deinsen.de\/wp-content\/uploads\/PXL_20250901_161447500.PORTRAIT-768x579.jpg 768w, https:\/\/www.deinsen.de\/wp-content\/uploads\/PXL_20250901_161447500.PORTRAIT.jpg 1200w\" sizes=\"auto, (max-width: 1024px) 100vw, 1024px\" \/><\/a><\/figure>\n\n\n\n<figure class=\"wp-block-image size-large\"><a href=\"https:\/\/www.deinsen.de\/wp-content\/uploads\/PXL_20250901_162732585.MP_.jpg\"><img loading=\"lazy\" decoding=\"async\" width=\"771\" height=\"1024\" data-id=\"3969\" src=\"https:\/\/www.deinsen.de\/wp-content\/uploads\/PXL_20250901_162732585.MP_-771x1024.jpg\" alt=\"\" class=\"wp-image-3969\" srcset=\"https:\/\/www.deinsen.de\/wp-content\/uploads\/PXL_20250901_162732585.MP_-771x1024.jpg 771w, https:\/\/www.deinsen.de\/wp-content\/uploads\/PXL_20250901_162732585.MP_-226x300.jpg 226w, https:\/\/www.deinsen.de\/wp-content\/uploads\/PXL_20250901_162732585.MP_-768x1019.jpg 768w, https:\/\/www.deinsen.de\/wp-content\/uploads\/PXL_20250901_162732585.MP_.jpg 904w\" sizes=\"auto, (max-width: 771px) 100vw, 771px\" \/><\/a><\/figure>\n<\/figure>\n\n\n\n<div data-wp-interactive=\"core\/file\" class=\"wp-block-file\"><object data-wp-bind--hidden=\"!state.hasPdfPreview\" hidden class=\"wp-block-file__embed\" data=\"https:\/\/www.deinsen.de\/wp-content\/uploads\/fata-Morgana-2025-09-03-00_00_00_LDZ_Seite_3.pdf\" type=\"application\/pdf\" style=\"width:100%;height:810px\" aria-label=\"Einbettung von fata Morgana 2025-09-03 00_00_00_LDZ_Seite_3.\"><\/object><a id=\"wp-block-file--media-741ed089-280d-4e98-be8d-9fc45e9b1ad6\" href=\"https:\/\/www.deinsen.de\/wp-content\/uploads\/fata-Morgana-2025-09-03-00_00_00_LDZ_Seite_3.pdf\">fata Morgana 2025-09-03 00_00_00_LDZ_Seite_3<\/a><a href=\"https:\/\/www.deinsen.de\/wp-content\/uploads\/fata-Morgana-2025-09-03-00_00_00_LDZ_Seite_3.pdf\" class=\"wp-block-file__button wp-element-button\" download aria-describedby=\"wp-block-file--media-741ed089-280d-4e98-be8d-9fc45e9b1ad6\">Herunterladen<\/a><\/div>\n\n\n\n<p><\/p>\n","protected":false},"excerpt":{"rendered":"<p>(11.08.2025) Mitten in der weiten Landschaft am K\u00fclf &nbsp;bei Deinsen ist ein neuer k\u00fcnstlerischer Blickfang entstanden: Die niederl\u00e4ndische K\u00fcnstlerin Karin van der Molen hat ihre Installation \u201eFata Morgana\u201c vollendet \u2013<\/p>\n","protected":false},"author":1,"featured_media":3967,"comment_status":"closed","ping_status":"closed","sticky":false,"template":"","format":"standard","meta":{"footnotes":""},"categories":[80,1],"tags":[],"class_list":["post-3961","post","type-post","status-publish","format-standard","has-post-thumbnail","hentry","category-80","category-uncategorized"],"_links":{"self":[{"href":"https:\/\/www.deinsen.de\/index.php?rest_route=\/wp\/v2\/posts\/3961","targetHints":{"allow":["GET"]}}],"collection":[{"href":"https:\/\/www.deinsen.de\/index.php?rest_route=\/wp\/v2\/posts"}],"about":[{"href":"https:\/\/www.deinsen.de\/index.php?rest_route=\/wp\/v2\/types\/post"}],"author":[{"embeddable":true,"href":"https:\/\/www.deinsen.de\/index.php?rest_route=\/wp\/v2\/users\/1"}],"replies":[{"embeddable":true,"href":"https:\/\/www.deinsen.de\/index.php?rest_route=%2Fwp%2Fv2%2Fcomments&post=3961"}],"version-history":[{"count":6,"href":"https:\/\/www.deinsen.de\/index.php?rest_route=\/wp\/v2\/posts\/3961\/revisions"}],"predecessor-version":[{"id":4146,"href":"https:\/\/www.deinsen.de\/index.php?rest_route=\/wp\/v2\/posts\/3961\/revisions\/4146"}],"wp:featuredmedia":[{"embeddable":true,"href":"https:\/\/www.deinsen.de\/index.php?rest_route=\/wp\/v2\/media\/3967"}],"wp:attachment":[{"href":"https:\/\/www.deinsen.de\/index.php?rest_route=%2Fwp%2Fv2%2Fmedia&parent=3961"}],"wp:term":[{"taxonomy":"category","embeddable":true,"href":"https:\/\/www.deinsen.de\/index.php?rest_route=%2Fwp%2Fv2%2Fcategories&post=3961"},{"taxonomy":"post_tag","embeddable":true,"href":"https:\/\/www.deinsen.de\/index.php?rest_route=%2Fwp%2Fv2%2Ftags&post=3961"}],"curies":[{"name":"wp","href":"https:\/\/api.w.org\/{rel}","templated":true}]}}