{"id":4232,"date":"2026-05-03T11:55:35","date_gmt":"2026-05-03T09:55:35","guid":{"rendered":"https:\/\/www.deinsen.de\/?p=4232"},"modified":"2026-05-03T11:55:35","modified_gmt":"2026-05-03T09:55:35","slug":"deinsen-es-laeuft-rund-beim-drk-in-deinsen","status":"publish","type":"post","link":"https:\/\/www.deinsen.de\/?p=4232","title":{"rendered":"DEINSEN \u2013 Es l\u00e4uft rund beim DRK in Deinsen"},"content":{"rendered":"\n<p>(13.4.26) Das zeigte sich auch am z\u00fcgigen Verlauf der Jahreshauptversammlung im Dorfgemeinschaftshaus trotz einer umfangreichen Tagesordnung. Der Vorstandsbericht erinnerte an zwei Blutspendetermine. 157 Personen nahmen teil und st\u00e4rkten sich anschlie\u00dfend am B\u00fcffet, darunter vier Erstspender. Auch beim Dorfflohmarkt bot das Rote Kreuz ein Kuchenb\u00fcffet, und f\u00fcr die Hochbetagten wurde ein gemeinsamer Geburtstagskaffee ausgerichtet. Unter den weiteren Programmpunkten im Jahreslauf waren ein Brotseminar in Eddinghausen sowie die Besichtigung des Funkhauses Hannover und des Schafhofs Bergmann in Betheln. Ob Neujahrsempfang des Fleckens Eime, Pokalschie\u00dfen, Grenzbegehung oder Volkstrauertag \u2013 stets zeigte der DRK-Ortsverein Pr\u00e4senz. Selbst das leidige Thema Altkleidersammlung, einst regelm\u00e4\u00dfige Einnahmequelle, durch die Lage auf dem Weltmarkt zuletzt nur noch Verlustbringer, ist in Deinsen geregelt. Gut erhaltenes Sammelgut wird angenommen und nach Nordstemmen weitergeleitet. Dank der Einnahmen aus Beitr\u00e4gen, Spenden, Fr\u00fchjahrssammlung, Blutspende und Zusch\u00fcssen steht die gemeinn\u00fctzige Arbeit des DRK auch finanziell auf soliden F\u00fc\u00dfen. Dementsprechend erhielt der Vorstand das erneute Vertrauen der Versammlung, und damit konnten auch alle Aufgaben problemlos besetzt werden: Vorsitzende Nadine Schwarze wurde einstimmig wiedergew\u00e4hlt, das gleiche Ergebnis erzielten ihre Stellvertreterin Melanie David, Schriftf\u00fchrerin Ortrud Michael, Schatzmeisterin Anne-Dore Gusek sowie Conni Kreybohm und Abgelika Michael als Beisitzerinnen. F\u00fcr 40 Jahre Mitgliedschaft wurden Heike Bothmann-Reimers, Brigitte Reimers, Ursel K\u00f6rner, Brunhilde Mikolajewski und Eva Fengler geehrt. Der Ortsverein Deinsen, dem 73 ordentliche Mitglieder und zwei Ehrenmitglieder angeh\u00f6ren, hat nach eigener Statistik 1204 Stunden ehrenamtlicher Arbeit geleistet. Die wirkliche Zahl d\u00fcrfte noch h\u00f6her liegen, vermutete Fabian Binnewies vom DRK-Kreisverband Alfeld. Nach seiner Erfahrung wird mancher Handgriff nebenher erledigt, ohne dar\u00fcber Buch zu f\u00fchren. Die Ortsvereine seien die Basis der weltweiten T\u00e4tigkeit von Rotem Kreuz und Rotem Halbmond, stellte Binnewies in seinem Gru\u00dfwort fest. Angesichts der gegenw\u00e4rtigen kriegerischen Weltlage sei der Einsatz der Hilfsorganisationen wieder in den Blickpunkt ger\u00fcckt. Aus dem Geschehen im Kreisverband berichtete er vom Fortgang der Bauarbeiten am Alten- und Pflegeheim in Gronau. Innerhalb der kommenden zwei bis drei Jahre soll der vierst\u00f6ckige Neubau eines Gesundheitszentrums entstehen. Das DRK will dort seine bisher auf verschiedene Standorte verstreuten Leistungen b\u00fcndeln.<\/p>\n\n\n\n<figure class=\"wp-block-image size-large\"><img loading=\"lazy\" decoding=\"async\" width=\"1024\" height=\"768\" src=\"https:\/\/www.deinsen.de\/wp-content\/uploads\/drk-deinsen-1024x768.jpg\" alt=\"DRK Deinsen 2026\" class=\"wp-image-4234\" srcset=\"https:\/\/www.deinsen.de\/wp-content\/uploads\/drk-deinsen-1024x768.jpg 1024w, https:\/\/www.deinsen.de\/wp-content\/uploads\/drk-deinsen-300x225.jpg 300w, https:\/\/www.deinsen.de\/wp-content\/uploads\/drk-deinsen-768x576.jpg 768w, https:\/\/www.deinsen.de\/wp-content\/uploads\/drk-deinsen-1536x1152.jpg 1536w, https:\/\/www.deinsen.de\/wp-content\/uploads\/drk-deinsen-2048x1536.jpg 2048w\" sizes=\"auto, (max-width: 1024px) 100vw, 1024px\" \/><\/figure>\n\n\n\n<p>Der wiedergew\u00e4hlte Vorstand des DRK Deinsen (rot gekleidet) zeichnet langj\u00e4hrige Mitglieder aus.<\/p>\n\n\n\n<p>Quelle: LDZ  Foto + Text: Burkhard Schirdewahn <\/p>\n","protected":false},"excerpt":{"rendered":"<p>(13.4.26) Das zeigte sich auch am z\u00fcgigen Verlauf der Jahreshauptversammlung im Dorfgemeinschaftshaus trotz einer umfangreichen Tagesordnung. Der Vorstandsbericht erinnerte an zwei Blutspendetermine. 157 Personen nahmen teil und st\u00e4rkten sich anschlie\u00dfend<\/p>\n","protected":false},"author":1,"featured_media":4234,"comment_status":"closed","ping_status":"closed","sticky":false,"template":"","format":"standard","meta":{"footnotes":""},"categories":[1],"tags":[],"class_list":["post-4232","post","type-post","status-publish","format-standard","has-post-thumbnail","hentry","category-uncategorized"],"_links":{"self":[{"href":"https:\/\/www.deinsen.de\/index.php?rest_route=\/wp\/v2\/posts\/4232","targetHints":{"allow":["GET"]}}],"collection":[{"href":"https:\/\/www.deinsen.de\/index.php?rest_route=\/wp\/v2\/posts"}],"about":[{"href":"https:\/\/www.deinsen.de\/index.php?rest_route=\/wp\/v2\/types\/post"}],"author":[{"embeddable":true,"href":"https:\/\/www.deinsen.de\/index.php?rest_route=\/wp\/v2\/users\/1"}],"replies":[{"embeddable":true,"href":"https:\/\/www.deinsen.de\/index.php?rest_route=%2Fwp%2Fv2%2Fcomments&post=4232"}],"version-history":[{"count":2,"href":"https:\/\/www.deinsen.de\/index.php?rest_route=\/wp\/v2\/posts\/4232\/revisions"}],"predecessor-version":[{"id":4235,"href":"https:\/\/www.deinsen.de\/index.php?rest_route=\/wp\/v2\/posts\/4232\/revisions\/4235"}],"wp:featuredmedia":[{"embeddable":true,"href":"https:\/\/www.deinsen.de\/index.php?rest_route=\/wp\/v2\/media\/4234"}],"wp:attachment":[{"href":"https:\/\/www.deinsen.de\/index.php?rest_route=%2Fwp%2Fv2%2Fmedia&parent=4232"}],"wp:term":[{"taxonomy":"category","embeddable":true,"href":"https:\/\/www.deinsen.de\/index.php?rest_route=%2Fwp%2Fv2%2Fcategories&post=4232"},{"taxonomy":"post_tag","embeddable":true,"href":"https:\/\/www.deinsen.de\/index.php?rest_route=%2Fwp%2Fv2%2Ftags&post=4232"}],"curies":[{"name":"wp","href":"https:\/\/api.w.org\/{rel}","templated":true}]}}