{"id":763,"date":"2020-01-07T20:47:24","date_gmt":"2020-01-07T20:47:24","guid":{"rendered":"https:\/\/deinsen.de\/?p=763"},"modified":"2020-06-18T22:17:10","modified_gmt":"2020-06-18T20:17:10","slug":"coelle-turm-im-kuelf","status":"publish","type":"post","link":"https:\/\/www.deinsen.de\/?p=763","title":{"rendered":"C\u00f6lle Turm im K\u00fclf"},"content":{"rendered":"<p>Kleiner geschichtlicher R\u00fcckblick \u00fcber den K\u00fclf mit seinen bestehenden und fr\u00fcheren baulichen Anlagen von Hans Schmull (Heimatpfleger aus Eime)<\/p>\n<p>Von Eime und Dunsen bis zur Glene bei Godenau erstreckt sich der K\u00fclf \u00fcber eine L\u00e4nge von rd. 8,5 km als schmaler H\u00f6henzug zwischen den Sieben Bergen und dem Duinger-und Th\u00fcster Berg (letzterer auch &#8222;Kanstein&#8220; genannt). Er ist niedriger als seine Nachbarn, weist 6 Senkungen auf und hat 7 H\u00fcgel mit unterschiedlichen H\u00f6hen zwischen 170 m und 260 m.<\/p>\n<blockquote>\n<p><a href=\"https:\/\/www.deinsen.de\/wp-content\/uploads\/Deinsen Umgebung\/coelleturm\/Ueber_den_Kuelf_Schmull.pdf\" data-wplink-url-error=\"true\">&gt;&gt;&gt; weiter<\/a><\/p>\n<\/blockquote>\n<p>\u00a0<\/p>\n<p>Video .. Der C\u00f6lleturm im Leinebergland\u00a0\u00a0\u00a0 <a href=\"https:\/\/youtu.be\/Lf6kwEGm4Uk\" target=\"_blank\" rel=\"noopener noreferrer\">https:\/\/youtu.be\/Lf6kwEGm4Uk<\/a><\/p>\n\n\n<p><\/p>\n","protected":false},"excerpt":{"rendered":"<p>Kleiner geschichtlicher R\u00fcckblick \u00fcber den K\u00fclf mit seinen bestehenden und fr\u00fcheren baulichen Anlagen von Hans Schmull (Heimatpfleger aus Eime) Von Eime und Dunsen bis zur Glene bei Godenau erstreckt sich<\/p>\n","protected":false},"author":1,"featured_media":519,"comment_status":"closed","ping_status":"closed","sticky":false,"template":"","format":"standard","meta":{"footnotes":""},"categories":[29],"tags":[],"class_list":["post-763","post","type-post","status-publish","format-standard","has-post-thumbnail","hentry","category-deinsen-umgebung"],"_links":{"self":[{"href":"https:\/\/www.deinsen.de\/index.php?rest_route=\/wp\/v2\/posts\/763","targetHints":{"allow":["GET"]}}],"collection":[{"href":"https:\/\/www.deinsen.de\/index.php?rest_route=\/wp\/v2\/posts"}],"about":[{"href":"https:\/\/www.deinsen.de\/index.php?rest_route=\/wp\/v2\/types\/post"}],"author":[{"embeddable":true,"href":"https:\/\/www.deinsen.de\/index.php?rest_route=\/wp\/v2\/users\/1"}],"replies":[{"embeddable":true,"href":"https:\/\/www.deinsen.de\/index.php?rest_route=%2Fwp%2Fv2%2Fcomments&post=763"}],"version-history":[{"count":5,"href":"https:\/\/www.deinsen.de\/index.php?rest_route=\/wp\/v2\/posts\/763\/revisions"}],"predecessor-version":[{"id":1088,"href":"https:\/\/www.deinsen.de\/index.php?rest_route=\/wp\/v2\/posts\/763\/revisions\/1088"}],"wp:featuredmedia":[{"embeddable":true,"href":"https:\/\/www.deinsen.de\/index.php?rest_route=\/wp\/v2\/media\/519"}],"wp:attachment":[{"href":"https:\/\/www.deinsen.de\/index.php?rest_route=%2Fwp%2Fv2%2Fmedia&parent=763"}],"wp:term":[{"taxonomy":"category","embeddable":true,"href":"https:\/\/www.deinsen.de\/index.php?rest_route=%2Fwp%2Fv2%2Fcategories&post=763"},{"taxonomy":"post_tag","embeddable":true,"href":"https:\/\/www.deinsen.de\/index.php?rest_route=%2Fwp%2Fv2%2Ftags&post=763"}],"curies":[{"name":"wp","href":"https:\/\/api.w.org\/{rel}","templated":true}]}}