{"id":917,"date":"2020-01-18T18:41:35","date_gmt":"2020-01-18T17:41:35","guid":{"rendered":"https:\/\/deinsen.de\/?p=917"},"modified":"2022-06-16T17:30:50","modified_gmt":"2022-06-16T15:30:50","slug":"2008","status":"publish","type":"post","link":"https:\/\/www.deinsen.de\/?p=917","title":{"rendered":"2008 Hochwasser"},"content":{"rendered":"\n<p>3.Juli 2008  Bach und Kanalisation k\u00f6nnen den Regen nicht mehr aufnehmen &#8230; Schulstra\u00dfe, Schlesierstra\u00dfe, Schmiedestra\u00dfe stehen unter Wasser in Deinsen<\/p>\n\n\n\n<figure class=\"wp-block-gallery has-nested-images columns-2 is-cropped wp-block-gallery-1 is-layout-flex wp-block-gallery-is-layout-flex\">\n<figure class=\"wp-block-image size-large\"><a href=\"https:\/\/www.deinsen.de\/wp-content\/uploads\/ueber die Jahre\/2008\/Wasser 2008\/Schulstra\u00dfe 2008\/Deinsen_Wasser_2008-25.jpg\"><img loading=\"lazy\" decoding=\"async\" width=\"1024\" height=\"686\" data-id=\"905\" src=\"https:\/\/www.deinsen.de\/wp-content\/uploads\/ueber die Jahre\/2008\/Wasser 2008\/Schulstra\u00dfe 2008\/Deinsen_Wasser_2008-25-1024x686.jpg\" alt=\"\" class=\"wp-image-905\" srcset=\"https:\/\/www.deinsen.de\/wp-content\/uploads\/ueber%20die%20Jahre\/2008\/Wasser%202008\/Schulstra\u00dfe%202008\/Deinsen_Wasser_2008-25-1024x686.jpg 1024w, https:\/\/www.deinsen.de\/wp-content\/uploads\/ueber%20die%20Jahre\/2008\/Wasser%202008\/Schulstra\u00dfe%202008\/Deinsen_Wasser_2008-25-300x201.jpg 300w, https:\/\/www.deinsen.de\/wp-content\/uploads\/ueber%20die%20Jahre\/2008\/Wasser%202008\/Schulstra\u00dfe%202008\/Deinsen_Wasser_2008-25-768x515.jpg 768w, https:\/\/www.deinsen.de\/wp-content\/uploads\/ueber%20die%20Jahre\/2008\/Wasser%202008\/Schulstra\u00dfe%202008\/Deinsen_Wasser_2008-25-120x80.jpg 120w, https:\/\/www.deinsen.de\/wp-content\/uploads\/ueber%20die%20Jahre\/2008\/Wasser%202008\/Schulstra\u00dfe%202008\/Deinsen_Wasser_2008-25.jpg 1400w\" sizes=\"auto, (max-width: 1024px) 100vw, 1024px\" \/><\/a><\/figure>\n\n\n\n<figure class=\"wp-block-image size-large\"><a href=\"https:\/\/www.deinsen.de\/wp-content\/uploads\/ueber die Jahre\/2008\/Wasser 2008\/Schulstra\u00dfe 2008\/Deinsen_Wasser_2008-24.jpg\"><img loading=\"lazy\" decoding=\"async\" width=\"1024\" height=\"686\" data-id=\"904\" src=\"https:\/\/www.deinsen.de\/wp-content\/uploads\/ueber die Jahre\/2008\/Wasser 2008\/Schulstra\u00dfe 2008\/Deinsen_Wasser_2008-24-1024x686.jpg\" alt=\"\" class=\"wp-image-904\" srcset=\"https:\/\/www.deinsen.de\/wp-content\/uploads\/ueber%20die%20Jahre\/2008\/Wasser%202008\/Schulstra\u00dfe%202008\/Deinsen_Wasser_2008-24-1024x686.jpg 1024w, https:\/\/www.deinsen.de\/wp-content\/uploads\/ueber%20die%20Jahre\/2008\/Wasser%202008\/Schulstra\u00dfe%202008\/Deinsen_Wasser_2008-24-300x201.jpg 300w, https:\/\/www.deinsen.de\/wp-content\/uploads\/ueber%20die%20Jahre\/2008\/Wasser%202008\/Schulstra\u00dfe%202008\/Deinsen_Wasser_2008-24-768x515.jpg 768w, https:\/\/www.deinsen.de\/wp-content\/uploads\/ueber%20die%20Jahre\/2008\/Wasser%202008\/Schulstra\u00dfe%202008\/Deinsen_Wasser_2008-24-120x80.jpg 120w, https:\/\/www.deinsen.de\/wp-content\/uploads\/ueber%20die%20Jahre\/2008\/Wasser%202008\/Schulstra\u00dfe%202008\/Deinsen_Wasser_2008-24.jpg 1400w\" sizes=\"auto, (max-width: 1024px) 100vw, 1024px\" \/><\/a><\/figure>\n\n\n\n<figure class=\"wp-block-image size-large\"><a href=\"https:\/\/www.deinsen.de\/wp-content\/uploads\/ueber die Jahre\/2008\/Wasser 2008\/Schulstra\u00dfe 2008\/Deinsen_Wasser_2008-23.jpg\"><img loading=\"lazy\" decoding=\"async\" width=\"1024\" height=\"686\" data-id=\"903\" src=\"https:\/\/www.deinsen.de\/wp-content\/uploads\/ueber die Jahre\/2008\/Wasser 2008\/Schulstra\u00dfe 2008\/Deinsen_Wasser_2008-23-1024x686.jpg\" alt=\"\" class=\"wp-image-903\" srcset=\"https:\/\/www.deinsen.de\/wp-content\/uploads\/ueber%20die%20Jahre\/2008\/Wasser%202008\/Schulstra\u00dfe%202008\/Deinsen_Wasser_2008-23-1024x686.jpg 1024w, https:\/\/www.deinsen.de\/wp-content\/uploads\/ueber%20die%20Jahre\/2008\/Wasser%202008\/Schulstra\u00dfe%202008\/Deinsen_Wasser_2008-23-300x201.jpg 300w, https:\/\/www.deinsen.de\/wp-content\/uploads\/ueber%20die%20Jahre\/2008\/Wasser%202008\/Schulstra\u00dfe%202008\/Deinsen_Wasser_2008-23-768x515.jpg 768w, https:\/\/www.deinsen.de\/wp-content\/uploads\/ueber%20die%20Jahre\/2008\/Wasser%202008\/Schulstra\u00dfe%202008\/Deinsen_Wasser_2008-23-120x80.jpg 120w, https:\/\/www.deinsen.de\/wp-content\/uploads\/ueber%20die%20Jahre\/2008\/Wasser%202008\/Schulstra\u00dfe%202008\/Deinsen_Wasser_2008-23.jpg 1400w\" sizes=\"auto, (max-width: 1024px) 100vw, 1024px\" \/><\/a><\/figure>\n\n\n\n<figure class=\"wp-block-image size-large\"><a href=\"https:\/\/www.deinsen.de\/wp-content\/uploads\/ueber die Jahre\/2008\/Wasser 2008\/Schulstra\u00dfe 2008\/Deinsen_Wasser_2008-22.jpg\"><img loading=\"lazy\" decoding=\"async\" width=\"1024\" height=\"686\" data-id=\"902\" src=\"https:\/\/www.deinsen.de\/wp-content\/uploads\/ueber die Jahre\/2008\/Wasser 2008\/Schulstra\u00dfe 2008\/Deinsen_Wasser_2008-22-1024x686.jpg\" alt=\"\" class=\"wp-image-902\" srcset=\"https:\/\/www.deinsen.de\/wp-content\/uploads\/ueber%20die%20Jahre\/2008\/Wasser%202008\/Schulstra\u00dfe%202008\/Deinsen_Wasser_2008-22-1024x686.jpg 1024w, https:\/\/www.deinsen.de\/wp-content\/uploads\/ueber%20die%20Jahre\/2008\/Wasser%202008\/Schulstra\u00dfe%202008\/Deinsen_Wasser_2008-22-300x201.jpg 300w, https:\/\/www.deinsen.de\/wp-content\/uploads\/ueber%20die%20Jahre\/2008\/Wasser%202008\/Schulstra\u00dfe%202008\/Deinsen_Wasser_2008-22-768x515.jpg 768w, https:\/\/www.deinsen.de\/wp-content\/uploads\/ueber%20die%20Jahre\/2008\/Wasser%202008\/Schulstra\u00dfe%202008\/Deinsen_Wasser_2008-22-120x80.jpg 120w, https:\/\/www.deinsen.de\/wp-content\/uploads\/ueber%20die%20Jahre\/2008\/Wasser%202008\/Schulstra\u00dfe%202008\/Deinsen_Wasser_2008-22.jpg 1400w\" sizes=\"auto, (max-width: 1024px) 100vw, 1024px\" \/><\/a><\/figure>\n\n\n\n<figure class=\"wp-block-image size-large\"><a href=\"https:\/\/www.deinsen.de\/wp-content\/uploads\/ueber die Jahre\/2008\/Wasser 2008\/Schulstra\u00dfe 2008\/Deinsen_Wasser_2008-21.jpg\"><img loading=\"lazy\" decoding=\"async\" width=\"1024\" height=\"686\" data-id=\"901\" src=\"https:\/\/www.deinsen.de\/wp-content\/uploads\/ueber die Jahre\/2008\/Wasser 2008\/Schulstra\u00dfe 2008\/Deinsen_Wasser_2008-21-1024x686.jpg\" alt=\"\" class=\"wp-image-901\" srcset=\"https:\/\/www.deinsen.de\/wp-content\/uploads\/ueber%20die%20Jahre\/2008\/Wasser%202008\/Schulstra\u00dfe%202008\/Deinsen_Wasser_2008-21-1024x686.jpg 1024w, https:\/\/www.deinsen.de\/wp-content\/uploads\/ueber%20die%20Jahre\/2008\/Wasser%202008\/Schulstra\u00dfe%202008\/Deinsen_Wasser_2008-21-300x201.jpg 300w, https:\/\/www.deinsen.de\/wp-content\/uploads\/ueber%20die%20Jahre\/2008\/Wasser%202008\/Schulstra\u00dfe%202008\/Deinsen_Wasser_2008-21-768x515.jpg 768w, https:\/\/www.deinsen.de\/wp-content\/uploads\/ueber%20die%20Jahre\/2008\/Wasser%202008\/Schulstra\u00dfe%202008\/Deinsen_Wasser_2008-21-120x80.jpg 120w, https:\/\/www.deinsen.de\/wp-content\/uploads\/ueber%20die%20Jahre\/2008\/Wasser%202008\/Schulstra\u00dfe%202008\/Deinsen_Wasser_2008-21.jpg 1400w\" sizes=\"auto, (max-width: 1024px) 100vw, 1024px\" \/><\/a><\/figure>\n\n\n\n<figure class=\"wp-block-image size-large\"><a href=\"https:\/\/www.deinsen.de\/wp-content\/uploads\/ueber die Jahre\/2008\/Wasser 2008\/Schulstra\u00dfe 2008\/Deinsen_Wasser_2008-20.jpg\"><img loading=\"lazy\" decoding=\"async\" width=\"1024\" height=\"686\" data-id=\"900\" src=\"https:\/\/www.deinsen.de\/wp-content\/uploads\/ueber die Jahre\/2008\/Wasser 2008\/Schulstra\u00dfe 2008\/Deinsen_Wasser_2008-20-1024x686.jpg\" alt=\"\" class=\"wp-image-900\" srcset=\"https:\/\/www.deinsen.de\/wp-content\/uploads\/ueber%20die%20Jahre\/2008\/Wasser%202008\/Schulstra\u00dfe%202008\/Deinsen_Wasser_2008-20-1024x686.jpg 1024w, https:\/\/www.deinsen.de\/wp-content\/uploads\/ueber%20die%20Jahre\/2008\/Wasser%202008\/Schulstra\u00dfe%202008\/Deinsen_Wasser_2008-20-300x201.jpg 300w, https:\/\/www.deinsen.de\/wp-content\/uploads\/ueber%20die%20Jahre\/2008\/Wasser%202008\/Schulstra\u00dfe%202008\/Deinsen_Wasser_2008-20-768x515.jpg 768w, https:\/\/www.deinsen.de\/wp-content\/uploads\/ueber%20die%20Jahre\/2008\/Wasser%202008\/Schulstra\u00dfe%202008\/Deinsen_Wasser_2008-20-120x80.jpg 120w, https:\/\/www.deinsen.de\/wp-content\/uploads\/ueber%20die%20Jahre\/2008\/Wasser%202008\/Schulstra\u00dfe%202008\/Deinsen_Wasser_2008-20.jpg 1400w\" sizes=\"auto, (max-width: 1024px) 100vw, 1024px\" \/><\/a><\/figure>\n\n\n\n<figure class=\"wp-block-image size-large\"><a href=\"https:\/\/www.deinsen.de\/wp-content\/uploads\/ueber die Jahre\/2008\/Wasser 2008\/Schulstra\u00dfe 2008\/Deinsen_Wasser_2008-19.jpg\"><img loading=\"lazy\" decoding=\"async\" width=\"1024\" height=\"686\" data-id=\"899\" src=\"https:\/\/www.deinsen.de\/wp-content\/uploads\/ueber die Jahre\/2008\/Wasser 2008\/Schulstra\u00dfe 2008\/Deinsen_Wasser_2008-19-1024x686.jpg\" alt=\"\" class=\"wp-image-899\" srcset=\"https:\/\/www.deinsen.de\/wp-content\/uploads\/ueber%20die%20Jahre\/2008\/Wasser%202008\/Schulstra\u00dfe%202008\/Deinsen_Wasser_2008-19-1024x686.jpg 1024w, https:\/\/www.deinsen.de\/wp-content\/uploads\/ueber%20die%20Jahre\/2008\/Wasser%202008\/Schulstra\u00dfe%202008\/Deinsen_Wasser_2008-19-300x201.jpg 300w, https:\/\/www.deinsen.de\/wp-content\/uploads\/ueber%20die%20Jahre\/2008\/Wasser%202008\/Schulstra\u00dfe%202008\/Deinsen_Wasser_2008-19-768x515.jpg 768w, https:\/\/www.deinsen.de\/wp-content\/uploads\/ueber%20die%20Jahre\/2008\/Wasser%202008\/Schulstra\u00dfe%202008\/Deinsen_Wasser_2008-19-120x80.jpg 120w, https:\/\/www.deinsen.de\/wp-content\/uploads\/ueber%20die%20Jahre\/2008\/Wasser%202008\/Schulstra\u00dfe%202008\/Deinsen_Wasser_2008-19.jpg 1400w\" sizes=\"auto, (max-width: 1024px) 100vw, 1024px\" \/><\/a><\/figure>\n\n\n\n<figure class=\"wp-block-image size-large\"><a href=\"https:\/\/www.deinsen.de\/wp-content\/uploads\/ueber die Jahre\/2008\/Wasser 2008\/Schulstra\u00dfe 2008\/Deinsen_Wasser_2008-18.jpg\"><img loading=\"lazy\" decoding=\"async\" width=\"1024\" height=\"686\" data-id=\"898\" src=\"https:\/\/www.deinsen.de\/wp-content\/uploads\/ueber die Jahre\/2008\/Wasser 2008\/Schulstra\u00dfe 2008\/Deinsen_Wasser_2008-18-1024x686.jpg\" alt=\"\" class=\"wp-image-898\" srcset=\"https:\/\/www.deinsen.de\/wp-content\/uploads\/ueber%20die%20Jahre\/2008\/Wasser%202008\/Schulstra\u00dfe%202008\/Deinsen_Wasser_2008-18-1024x686.jpg 1024w, https:\/\/www.deinsen.de\/wp-content\/uploads\/ueber%20die%20Jahre\/2008\/Wasser%202008\/Schulstra\u00dfe%202008\/Deinsen_Wasser_2008-18-300x201.jpg 300w, https:\/\/www.deinsen.de\/wp-content\/uploads\/ueber%20die%20Jahre\/2008\/Wasser%202008\/Schulstra\u00dfe%202008\/Deinsen_Wasser_2008-18-768x515.jpg 768w, https:\/\/www.deinsen.de\/wp-content\/uploads\/ueber%20die%20Jahre\/2008\/Wasser%202008\/Schulstra\u00dfe%202008\/Deinsen_Wasser_2008-18-120x80.jpg 120w, https:\/\/www.deinsen.de\/wp-content\/uploads\/ueber%20die%20Jahre\/2008\/Wasser%202008\/Schulstra\u00dfe%202008\/Deinsen_Wasser_2008-18.jpg 1400w\" sizes=\"auto, (max-width: 1024px) 100vw, 1024px\" \/><\/a><\/figure>\n\n\n\n<figure class=\"wp-block-image size-large\"><a href=\"https:\/\/www.deinsen.de\/wp-content\/uploads\/ueber die Jahre\/2008\/Wasser 2008\/Schulstra\u00dfe 2008\/Deinsen_Wasser_2008-17.jpg\"><img loading=\"lazy\" decoding=\"async\" width=\"1024\" height=\"686\" data-id=\"897\" src=\"https:\/\/www.deinsen.de\/wp-content\/uploads\/ueber die Jahre\/2008\/Wasser 2008\/Schulstra\u00dfe 2008\/Deinsen_Wasser_2008-17-1024x686.jpg\" alt=\"\" class=\"wp-image-897\" srcset=\"https:\/\/www.deinsen.de\/wp-content\/uploads\/ueber%20die%20Jahre\/2008\/Wasser%202008\/Schulstra\u00dfe%202008\/Deinsen_Wasser_2008-17-1024x686.jpg 1024w, https:\/\/www.deinsen.de\/wp-content\/uploads\/ueber%20die%20Jahre\/2008\/Wasser%202008\/Schulstra\u00dfe%202008\/Deinsen_Wasser_2008-17-300x201.jpg 300w, https:\/\/www.deinsen.de\/wp-content\/uploads\/ueber%20die%20Jahre\/2008\/Wasser%202008\/Schulstra\u00dfe%202008\/Deinsen_Wasser_2008-17-768x515.jpg 768w, https:\/\/www.deinsen.de\/wp-content\/uploads\/ueber%20die%20Jahre\/2008\/Wasser%202008\/Schulstra\u00dfe%202008\/Deinsen_Wasser_2008-17-120x80.jpg 120w, https:\/\/www.deinsen.de\/wp-content\/uploads\/ueber%20die%20Jahre\/2008\/Wasser%202008\/Schulstra\u00dfe%202008\/Deinsen_Wasser_2008-17.jpg 1400w\" sizes=\"auto, (max-width: 1024px) 100vw, 1024px\" \/><\/a><\/figure>\n\n\n\n<figure class=\"wp-block-image size-large\"><a href=\"https:\/\/www.deinsen.de\/wp-content\/uploads\/ueber die Jahre\/2008\/Wasser 2008\/Schulstra\u00dfe 2008\/Deinsen_Wasser_2008-16.jpg\"><img loading=\"lazy\" decoding=\"async\" width=\"1024\" height=\"686\" data-id=\"896\" src=\"https:\/\/www.deinsen.de\/wp-content\/uploads\/ueber die Jahre\/2008\/Wasser 2008\/Schulstra\u00dfe 2008\/Deinsen_Wasser_2008-16-1024x686.jpg\" alt=\"\" class=\"wp-image-896\" srcset=\"https:\/\/www.deinsen.de\/wp-content\/uploads\/ueber%20die%20Jahre\/2008\/Wasser%202008\/Schulstra\u00dfe%202008\/Deinsen_Wasser_2008-16-1024x686.jpg 1024w, https:\/\/www.deinsen.de\/wp-content\/uploads\/ueber%20die%20Jahre\/2008\/Wasser%202008\/Schulstra\u00dfe%202008\/Deinsen_Wasser_2008-16-300x201.jpg 300w, https:\/\/www.deinsen.de\/wp-content\/uploads\/ueber%20die%20Jahre\/2008\/Wasser%202008\/Schulstra\u00dfe%202008\/Deinsen_Wasser_2008-16-768x515.jpg 768w, https:\/\/www.deinsen.de\/wp-content\/uploads\/ueber%20die%20Jahre\/2008\/Wasser%202008\/Schulstra\u00dfe%202008\/Deinsen_Wasser_2008-16-120x80.jpg 120w, https:\/\/www.deinsen.de\/wp-content\/uploads\/ueber%20die%20Jahre\/2008\/Wasser%202008\/Schulstra\u00dfe%202008\/Deinsen_Wasser_2008-16.jpg 1400w\" sizes=\"auto, (max-width: 1024px) 100vw, 1024px\" \/><\/a><\/figure>\n\n\n\n<figure class=\"wp-block-image size-large\"><a href=\"https:\/\/www.deinsen.de\/wp-content\/uploads\/ueber die Jahre\/2008\/Wasser 2008\/Schulstra\u00dfe 2008\/Deinsen_Wasser_2008-15.jpg\"><img loading=\"lazy\" decoding=\"async\" width=\"1024\" height=\"686\" data-id=\"895\" src=\"https:\/\/www.deinsen.de\/wp-content\/uploads\/ueber die Jahre\/2008\/Wasser 2008\/Schulstra\u00dfe 2008\/Deinsen_Wasser_2008-15-1024x686.jpg\" alt=\"\" class=\"wp-image-895\" srcset=\"https:\/\/www.deinsen.de\/wp-content\/uploads\/ueber%20die%20Jahre\/2008\/Wasser%202008\/Schulstra\u00dfe%202008\/Deinsen_Wasser_2008-15-1024x686.jpg 1024w, https:\/\/www.deinsen.de\/wp-content\/uploads\/ueber%20die%20Jahre\/2008\/Wasser%202008\/Schulstra\u00dfe%202008\/Deinsen_Wasser_2008-15-300x201.jpg 300w, https:\/\/www.deinsen.de\/wp-content\/uploads\/ueber%20die%20Jahre\/2008\/Wasser%202008\/Schulstra\u00dfe%202008\/Deinsen_Wasser_2008-15-768x515.jpg 768w, https:\/\/www.deinsen.de\/wp-content\/uploads\/ueber%20die%20Jahre\/2008\/Wasser%202008\/Schulstra\u00dfe%202008\/Deinsen_Wasser_2008-15-120x80.jpg 120w, https:\/\/www.deinsen.de\/wp-content\/uploads\/ueber%20die%20Jahre\/2008\/Wasser%202008\/Schulstra\u00dfe%202008\/Deinsen_Wasser_2008-15.jpg 1400w\" sizes=\"auto, (max-width: 1024px) 100vw, 1024px\" \/><\/a><\/figure>\n\n\n\n<figure class=\"wp-block-image size-large\"><a href=\"https:\/\/www.deinsen.de\/wp-content\/uploads\/ueber die Jahre\/2008\/Wasser 2008\/Schulstra\u00dfe 2008\/Deinsen_Wasser_2008-14.jpg\"><img loading=\"lazy\" decoding=\"async\" width=\"1024\" height=\"686\" data-id=\"894\" src=\"https:\/\/www.deinsen.de\/wp-content\/uploads\/ueber die Jahre\/2008\/Wasser 2008\/Schulstra\u00dfe 2008\/Deinsen_Wasser_2008-14-1024x686.jpg\" alt=\"\" class=\"wp-image-894\" srcset=\"https:\/\/www.deinsen.de\/wp-content\/uploads\/ueber%20die%20Jahre\/2008\/Wasser%202008\/Schulstra\u00dfe%202008\/Deinsen_Wasser_2008-14-1024x686.jpg 1024w, https:\/\/www.deinsen.de\/wp-content\/uploads\/ueber%20die%20Jahre\/2008\/Wasser%202008\/Schulstra\u00dfe%202008\/Deinsen_Wasser_2008-14-300x201.jpg 300w, https:\/\/www.deinsen.de\/wp-content\/uploads\/ueber%20die%20Jahre\/2008\/Wasser%202008\/Schulstra\u00dfe%202008\/Deinsen_Wasser_2008-14-768x515.jpg 768w, https:\/\/www.deinsen.de\/wp-content\/uploads\/ueber%20die%20Jahre\/2008\/Wasser%202008\/Schulstra\u00dfe%202008\/Deinsen_Wasser_2008-14-120x80.jpg 120w, https:\/\/www.deinsen.de\/wp-content\/uploads\/ueber%20die%20Jahre\/2008\/Wasser%202008\/Schulstra\u00dfe%202008\/Deinsen_Wasser_2008-14.jpg 1400w\" sizes=\"auto, (max-width: 1024px) 100vw, 1024px\" \/><\/a><\/figure>\n\n\n\n<figure class=\"wp-block-image size-large\"><a href=\"https:\/\/www.deinsen.de\/wp-content\/uploads\/ueber die Jahre\/2008\/Wasser 2008\/Schulstra\u00dfe 2008\/Deinsen_Wasser_2008-13.jpg\"><img loading=\"lazy\" decoding=\"async\" width=\"1024\" height=\"686\" data-id=\"893\" src=\"https:\/\/www.deinsen.de\/wp-content\/uploads\/ueber die Jahre\/2008\/Wasser 2008\/Schulstra\u00dfe 2008\/Deinsen_Wasser_2008-13-1024x686.jpg\" alt=\"\" class=\"wp-image-893\" srcset=\"https:\/\/www.deinsen.de\/wp-content\/uploads\/ueber%20die%20Jahre\/2008\/Wasser%202008\/Schulstra\u00dfe%202008\/Deinsen_Wasser_2008-13-1024x686.jpg 1024w, https:\/\/www.deinsen.de\/wp-content\/uploads\/ueber%20die%20Jahre\/2008\/Wasser%202008\/Schulstra\u00dfe%202008\/Deinsen_Wasser_2008-13-300x201.jpg 300w, https:\/\/www.deinsen.de\/wp-content\/uploads\/ueber%20die%20Jahre\/2008\/Wasser%202008\/Schulstra\u00dfe%202008\/Deinsen_Wasser_2008-13-768x515.jpg 768w, https:\/\/www.deinsen.de\/wp-content\/uploads\/ueber%20die%20Jahre\/2008\/Wasser%202008\/Schulstra\u00dfe%202008\/Deinsen_Wasser_2008-13-120x80.jpg 120w, https:\/\/www.deinsen.de\/wp-content\/uploads\/ueber%20die%20Jahre\/2008\/Wasser%202008\/Schulstra\u00dfe%202008\/Deinsen_Wasser_2008-13.jpg 1400w\" sizes=\"auto, (max-width: 1024px) 100vw, 1024px\" \/><\/a><\/figure>\n\n\n\n<figure class=\"wp-block-image size-large\"><a href=\"https:\/\/www.deinsen.de\/wp-content\/uploads\/ueber die Jahre\/2008\/Wasser 2008\/Schulstra\u00dfe 2008\/Deinsen_Wasser_2008-12.jpg\"><img loading=\"lazy\" decoding=\"async\" width=\"1024\" height=\"686\" data-id=\"892\" src=\"https:\/\/www.deinsen.de\/wp-content\/uploads\/ueber die Jahre\/2008\/Wasser 2008\/Schulstra\u00dfe 2008\/Deinsen_Wasser_2008-12-1024x686.jpg\" alt=\"\" class=\"wp-image-892\" srcset=\"https:\/\/www.deinsen.de\/wp-content\/uploads\/ueber%20die%20Jahre\/2008\/Wasser%202008\/Schulstra\u00dfe%202008\/Deinsen_Wasser_2008-12-1024x686.jpg 1024w, https:\/\/www.deinsen.de\/wp-content\/uploads\/ueber%20die%20Jahre\/2008\/Wasser%202008\/Schulstra\u00dfe%202008\/Deinsen_Wasser_2008-12-300x201.jpg 300w, https:\/\/www.deinsen.de\/wp-content\/uploads\/ueber%20die%20Jahre\/2008\/Wasser%202008\/Schulstra\u00dfe%202008\/Deinsen_Wasser_2008-12-768x515.jpg 768w, https:\/\/www.deinsen.de\/wp-content\/uploads\/ueber%20die%20Jahre\/2008\/Wasser%202008\/Schulstra\u00dfe%202008\/Deinsen_Wasser_2008-12-120x80.jpg 120w, https:\/\/www.deinsen.de\/wp-content\/uploads\/ueber%20die%20Jahre\/2008\/Wasser%202008\/Schulstra\u00dfe%202008\/Deinsen_Wasser_2008-12.jpg 1400w\" sizes=\"auto, (max-width: 1024px) 100vw, 1024px\" \/><\/a><\/figure>\n\n\n\n<figure class=\"wp-block-image size-large\"><a href=\"https:\/\/www.deinsen.de\/wp-content\/uploads\/ueber die Jahre\/2008\/Wasser 2008\/Schulstra\u00dfe 2008\/Deinsen_Wasser_2008-11.jpg\"><img loading=\"lazy\" decoding=\"async\" width=\"1024\" height=\"686\" data-id=\"891\" src=\"https:\/\/www.deinsen.de\/wp-content\/uploads\/ueber die Jahre\/2008\/Wasser 2008\/Schulstra\u00dfe 2008\/Deinsen_Wasser_2008-11-1024x686.jpg\" alt=\"\" class=\"wp-image-891\" srcset=\"https:\/\/www.deinsen.de\/wp-content\/uploads\/ueber%20die%20Jahre\/2008\/Wasser%202008\/Schulstra\u00dfe%202008\/Deinsen_Wasser_2008-11-1024x686.jpg 1024w, https:\/\/www.deinsen.de\/wp-content\/uploads\/ueber%20die%20Jahre\/2008\/Wasser%202008\/Schulstra\u00dfe%202008\/Deinsen_Wasser_2008-11-300x201.jpg 300w, https:\/\/www.deinsen.de\/wp-content\/uploads\/ueber%20die%20Jahre\/2008\/Wasser%202008\/Schulstra\u00dfe%202008\/Deinsen_Wasser_2008-11-768x515.jpg 768w, https:\/\/www.deinsen.de\/wp-content\/uploads\/ueber%20die%20Jahre\/2008\/Wasser%202008\/Schulstra\u00dfe%202008\/Deinsen_Wasser_2008-11-120x80.jpg 120w, https:\/\/www.deinsen.de\/wp-content\/uploads\/ueber%20die%20Jahre\/2008\/Wasser%202008\/Schulstra\u00dfe%202008\/Deinsen_Wasser_2008-11.jpg 1400w\" sizes=\"auto, (max-width: 1024px) 100vw, 1024px\" \/><\/a><\/figure>\n\n\n\n<figure class=\"wp-block-image size-large\"><a href=\"https:\/\/www.deinsen.de\/wp-content\/uploads\/ueber die Jahre\/2008\/Wasser 2008\/Schulstra\u00dfe 2008\/Deinsen_Wasser_2008-10.jpg\"><img loading=\"lazy\" decoding=\"async\" width=\"320\" height=\"240\" data-id=\"890\" src=\"https:\/\/www.deinsen.de\/wp-content\/uploads\/ueber die Jahre\/2008\/Wasser 2008\/Schulstra\u00dfe 2008\/Deinsen_Wasser_2008-10.jpg\" alt=\"\" class=\"wp-image-890\" srcset=\"https:\/\/www.deinsen.de\/wp-content\/uploads\/ueber%20die%20Jahre\/2008\/Wasser%202008\/Schulstra\u00dfe%202008\/Deinsen_Wasser_2008-10.jpg 320w, https:\/\/www.deinsen.de\/wp-content\/uploads\/ueber%20die%20Jahre\/2008\/Wasser%202008\/Schulstra\u00dfe%202008\/Deinsen_Wasser_2008-10-300x225.jpg 300w\" sizes=\"auto, (max-width: 320px) 100vw, 320px\" \/><\/a><\/figure>\n\n\n\n<figure class=\"wp-block-image size-large\"><a href=\"https:\/\/www.deinsen.de\/wp-content\/uploads\/ueber die Jahre\/2008\/Wasser 2008\/Schulstra\u00dfe 2008\/Deinsen_Wasser_2008-9.jpg\"><img loading=\"lazy\" decoding=\"async\" width=\"1024\" height=\"686\" data-id=\"889\" src=\"https:\/\/www.deinsen.de\/wp-content\/uploads\/ueber die Jahre\/2008\/Wasser 2008\/Schulstra\u00dfe 2008\/Deinsen_Wasser_2008-9-1024x686.jpg\" alt=\"\" class=\"wp-image-889\" srcset=\"https:\/\/www.deinsen.de\/wp-content\/uploads\/ueber%20die%20Jahre\/2008\/Wasser%202008\/Schulstra\u00dfe%202008\/Deinsen_Wasser_2008-9-1024x686.jpg 1024w, https:\/\/www.deinsen.de\/wp-content\/uploads\/ueber%20die%20Jahre\/2008\/Wasser%202008\/Schulstra\u00dfe%202008\/Deinsen_Wasser_2008-9-300x201.jpg 300w, https:\/\/www.deinsen.de\/wp-content\/uploads\/ueber%20die%20Jahre\/2008\/Wasser%202008\/Schulstra\u00dfe%202008\/Deinsen_Wasser_2008-9-768x515.jpg 768w, https:\/\/www.deinsen.de\/wp-content\/uploads\/ueber%20die%20Jahre\/2008\/Wasser%202008\/Schulstra\u00dfe%202008\/Deinsen_Wasser_2008-9-120x80.jpg 120w, https:\/\/www.deinsen.de\/wp-content\/uploads\/ueber%20die%20Jahre\/2008\/Wasser%202008\/Schulstra\u00dfe%202008\/Deinsen_Wasser_2008-9.jpg 1400w\" sizes=\"auto, (max-width: 1024px) 100vw, 1024px\" \/><\/a><\/figure>\n\n\n\n<figure class=\"wp-block-image size-large\"><a href=\"https:\/\/www.deinsen.de\/wp-content\/uploads\/ueber die Jahre\/2008\/Wasser 2008\/Schulstra\u00dfe 2008\/Deinsen_Wasser_2008-8.jpg\"><img loading=\"lazy\" decoding=\"async\" width=\"1024\" height=\"686\" data-id=\"888\" src=\"https:\/\/www.deinsen.de\/wp-content\/uploads\/ueber die Jahre\/2008\/Wasser 2008\/Schulstra\u00dfe 2008\/Deinsen_Wasser_2008-8-1024x686.jpg\" alt=\"\" class=\"wp-image-888\" srcset=\"https:\/\/www.deinsen.de\/wp-content\/uploads\/ueber%20die%20Jahre\/2008\/Wasser%202008\/Schulstra\u00dfe%202008\/Deinsen_Wasser_2008-8-1024x686.jpg 1024w, https:\/\/www.deinsen.de\/wp-content\/uploads\/ueber%20die%20Jahre\/2008\/Wasser%202008\/Schulstra\u00dfe%202008\/Deinsen_Wasser_2008-8-300x201.jpg 300w, https:\/\/www.deinsen.de\/wp-content\/uploads\/ueber%20die%20Jahre\/2008\/Wasser%202008\/Schulstra\u00dfe%202008\/Deinsen_Wasser_2008-8-768x515.jpg 768w, https:\/\/www.deinsen.de\/wp-content\/uploads\/ueber%20die%20Jahre\/2008\/Wasser%202008\/Schulstra\u00dfe%202008\/Deinsen_Wasser_2008-8-120x80.jpg 120w, https:\/\/www.deinsen.de\/wp-content\/uploads\/ueber%20die%20Jahre\/2008\/Wasser%202008\/Schulstra\u00dfe%202008\/Deinsen_Wasser_2008-8.jpg 1400w\" sizes=\"auto, (max-width: 1024px) 100vw, 1024px\" \/><\/a><\/figure>\n\n\n\n<figure class=\"wp-block-image size-large\"><a href=\"https:\/\/www.deinsen.de\/wp-content\/uploads\/ueber die Jahre\/2008\/Wasser 2008\/Schulstra\u00dfe 2008\/Deinsen_Wasser_2008-7.jpg\"><img loading=\"lazy\" decoding=\"async\" width=\"1024\" height=\"686\" data-id=\"887\" src=\"https:\/\/www.deinsen.de\/wp-content\/uploads\/ueber die Jahre\/2008\/Wasser 2008\/Schulstra\u00dfe 2008\/Deinsen_Wasser_2008-7-1024x686.jpg\" alt=\"\" class=\"wp-image-887\" srcset=\"https:\/\/www.deinsen.de\/wp-content\/uploads\/ueber%20die%20Jahre\/2008\/Wasser%202008\/Schulstra\u00dfe%202008\/Deinsen_Wasser_2008-7-1024x686.jpg 1024w, https:\/\/www.deinsen.de\/wp-content\/uploads\/ueber%20die%20Jahre\/2008\/Wasser%202008\/Schulstra\u00dfe%202008\/Deinsen_Wasser_2008-7-300x201.jpg 300w, https:\/\/www.deinsen.de\/wp-content\/uploads\/ueber%20die%20Jahre\/2008\/Wasser%202008\/Schulstra\u00dfe%202008\/Deinsen_Wasser_2008-7-768x515.jpg 768w, https:\/\/www.deinsen.de\/wp-content\/uploads\/ueber%20die%20Jahre\/2008\/Wasser%202008\/Schulstra\u00dfe%202008\/Deinsen_Wasser_2008-7-120x80.jpg 120w, https:\/\/www.deinsen.de\/wp-content\/uploads\/ueber%20die%20Jahre\/2008\/Wasser%202008\/Schulstra\u00dfe%202008\/Deinsen_Wasser_2008-7.jpg 1400w\" sizes=\"auto, (max-width: 1024px) 100vw, 1024px\" \/><\/a><\/figure>\n\n\n\n<figure class=\"wp-block-image size-large\"><a href=\"https:\/\/www.deinsen.de\/wp-content\/uploads\/ueber die Jahre\/2008\/Wasser 2008\/Schulstra\u00dfe 2008\/Deinsen_Wasser_2008-6.jpg\"><img loading=\"lazy\" decoding=\"async\" width=\"1024\" height=\"686\" data-id=\"886\" src=\"https:\/\/www.deinsen.de\/wp-content\/uploads\/ueber die Jahre\/2008\/Wasser 2008\/Schulstra\u00dfe 2008\/Deinsen_Wasser_2008-6-1024x686.jpg\" alt=\"\" class=\"wp-image-886\" srcset=\"https:\/\/www.deinsen.de\/wp-content\/uploads\/ueber%20die%20Jahre\/2008\/Wasser%202008\/Schulstra\u00dfe%202008\/Deinsen_Wasser_2008-6-1024x686.jpg 1024w, https:\/\/www.deinsen.de\/wp-content\/uploads\/ueber%20die%20Jahre\/2008\/Wasser%202008\/Schulstra\u00dfe%202008\/Deinsen_Wasser_2008-6-300x201.jpg 300w, https:\/\/www.deinsen.de\/wp-content\/uploads\/ueber%20die%20Jahre\/2008\/Wasser%202008\/Schulstra\u00dfe%202008\/Deinsen_Wasser_2008-6-768x515.jpg 768w, https:\/\/www.deinsen.de\/wp-content\/uploads\/ueber%20die%20Jahre\/2008\/Wasser%202008\/Schulstra\u00dfe%202008\/Deinsen_Wasser_2008-6-120x80.jpg 120w, https:\/\/www.deinsen.de\/wp-content\/uploads\/ueber%20die%20Jahre\/2008\/Wasser%202008\/Schulstra\u00dfe%202008\/Deinsen_Wasser_2008-6.jpg 1400w\" sizes=\"auto, (max-width: 1024px) 100vw, 1024px\" \/><\/a><\/figure>\n\n\n\n<figure class=\"wp-block-image size-large\"><a href=\"https:\/\/www.deinsen.de\/wp-content\/uploads\/ueber die Jahre\/2008\/Wasser 2008\/Schulstra\u00dfe 2008\/Deinsen_Wasser_2008-5.jpg\"><img loading=\"lazy\" decoding=\"async\" width=\"686\" height=\"1024\" data-id=\"885\" src=\"https:\/\/www.deinsen.de\/wp-content\/uploads\/ueber die Jahre\/2008\/Wasser 2008\/Schulstra\u00dfe 2008\/Deinsen_Wasser_2008-5-686x1024.jpg\" alt=\"\" class=\"wp-image-885\" srcset=\"https:\/\/www.deinsen.de\/wp-content\/uploads\/ueber%20die%20Jahre\/2008\/Wasser%202008\/Schulstra\u00dfe%202008\/Deinsen_Wasser_2008-5-686x1024.jpg 686w, https:\/\/www.deinsen.de\/wp-content\/uploads\/ueber%20die%20Jahre\/2008\/Wasser%202008\/Schulstra\u00dfe%202008\/Deinsen_Wasser_2008-5-201x300.jpg 201w, https:\/\/www.deinsen.de\/wp-content\/uploads\/ueber%20die%20Jahre\/2008\/Wasser%202008\/Schulstra\u00dfe%202008\/Deinsen_Wasser_2008-5-768x1146.jpg 768w, https:\/\/www.deinsen.de\/wp-content\/uploads\/ueber%20die%20Jahre\/2008\/Wasser%202008\/Schulstra\u00dfe%202008\/Deinsen_Wasser_2008-5.jpg 938w\" sizes=\"auto, (max-width: 686px) 100vw, 686px\" \/><\/a><\/figure>\n\n\n\n<figure class=\"wp-block-image size-large\"><a href=\"https:\/\/www.deinsen.de\/wp-content\/uploads\/ueber die Jahre\/2008\/Wasser 2008\/Schulstra\u00dfe 2008\/Deinsen_Wasser_2008-4.jpg\"><img loading=\"lazy\" decoding=\"async\" width=\"1024\" height=\"686\" data-id=\"884\" src=\"https:\/\/www.deinsen.de\/wp-content\/uploads\/ueber die Jahre\/2008\/Wasser 2008\/Schulstra\u00dfe 2008\/Deinsen_Wasser_2008-4-1024x686.jpg\" alt=\"\" class=\"wp-image-884\" srcset=\"https:\/\/www.deinsen.de\/wp-content\/uploads\/ueber%20die%20Jahre\/2008\/Wasser%202008\/Schulstra\u00dfe%202008\/Deinsen_Wasser_2008-4-1024x686.jpg 1024w, https:\/\/www.deinsen.de\/wp-content\/uploads\/ueber%20die%20Jahre\/2008\/Wasser%202008\/Schulstra\u00dfe%202008\/Deinsen_Wasser_2008-4-300x201.jpg 300w, https:\/\/www.deinsen.de\/wp-content\/uploads\/ueber%20die%20Jahre\/2008\/Wasser%202008\/Schulstra\u00dfe%202008\/Deinsen_Wasser_2008-4-768x515.jpg 768w, https:\/\/www.deinsen.de\/wp-content\/uploads\/ueber%20die%20Jahre\/2008\/Wasser%202008\/Schulstra\u00dfe%202008\/Deinsen_Wasser_2008-4-120x80.jpg 120w, https:\/\/www.deinsen.de\/wp-content\/uploads\/ueber%20die%20Jahre\/2008\/Wasser%202008\/Schulstra\u00dfe%202008\/Deinsen_Wasser_2008-4.jpg 1400w\" sizes=\"auto, (max-width: 1024px) 100vw, 1024px\" \/><\/a><\/figure>\n\n\n\n<figure class=\"wp-block-image size-large\"><a href=\"https:\/\/www.deinsen.de\/wp-content\/uploads\/ueber die Jahre\/2008\/Wasser 2008\/Schulstra\u00dfe 2008\/Deinsen_Wasser_2008-3.jpg\"><img loading=\"lazy\" decoding=\"async\" width=\"1024\" height=\"686\" data-id=\"883\" src=\"https:\/\/www.deinsen.de\/wp-content\/uploads\/ueber die Jahre\/2008\/Wasser 2008\/Schulstra\u00dfe 2008\/Deinsen_Wasser_2008-3-1024x686.jpg\" alt=\"\" class=\"wp-image-883\" srcset=\"https:\/\/www.deinsen.de\/wp-content\/uploads\/ueber%20die%20Jahre\/2008\/Wasser%202008\/Schulstra\u00dfe%202008\/Deinsen_Wasser_2008-3-1024x686.jpg 1024w, https:\/\/www.deinsen.de\/wp-content\/uploads\/ueber%20die%20Jahre\/2008\/Wasser%202008\/Schulstra\u00dfe%202008\/Deinsen_Wasser_2008-3-300x201.jpg 300w, https:\/\/www.deinsen.de\/wp-content\/uploads\/ueber%20die%20Jahre\/2008\/Wasser%202008\/Schulstra\u00dfe%202008\/Deinsen_Wasser_2008-3-768x515.jpg 768w, https:\/\/www.deinsen.de\/wp-content\/uploads\/ueber%20die%20Jahre\/2008\/Wasser%202008\/Schulstra\u00dfe%202008\/Deinsen_Wasser_2008-3-120x80.jpg 120w, https:\/\/www.deinsen.de\/wp-content\/uploads\/ueber%20die%20Jahre\/2008\/Wasser%202008\/Schulstra\u00dfe%202008\/Deinsen_Wasser_2008-3.jpg 1400w\" sizes=\"auto, (max-width: 1024px) 100vw, 1024px\" \/><\/a><\/figure>\n\n\n\n<figure class=\"wp-block-image size-large\"><a href=\"https:\/\/www.deinsen.de\/wp-content\/uploads\/ueber die Jahre\/2008\/Wasser 2008\/Schulstra\u00dfe 2008\/Deinsen_Wasser_2008-2.jpg\"><img loading=\"lazy\" decoding=\"async\" width=\"1024\" height=\"686\" data-id=\"882\" src=\"https:\/\/www.deinsen.de\/wp-content\/uploads\/ueber die Jahre\/2008\/Wasser 2008\/Schulstra\u00dfe 2008\/Deinsen_Wasser_2008-2-1024x686.jpg\" alt=\"\" class=\"wp-image-882\" srcset=\"https:\/\/www.deinsen.de\/wp-content\/uploads\/ueber%20die%20Jahre\/2008\/Wasser%202008\/Schulstra\u00dfe%202008\/Deinsen_Wasser_2008-2-1024x686.jpg 1024w, https:\/\/www.deinsen.de\/wp-content\/uploads\/ueber%20die%20Jahre\/2008\/Wasser%202008\/Schulstra\u00dfe%202008\/Deinsen_Wasser_2008-2-300x201.jpg 300w, https:\/\/www.deinsen.de\/wp-content\/uploads\/ueber%20die%20Jahre\/2008\/Wasser%202008\/Schulstra\u00dfe%202008\/Deinsen_Wasser_2008-2-768x515.jpg 768w, https:\/\/www.deinsen.de\/wp-content\/uploads\/ueber%20die%20Jahre\/2008\/Wasser%202008\/Schulstra\u00dfe%202008\/Deinsen_Wasser_2008-2-120x80.jpg 120w, https:\/\/www.deinsen.de\/wp-content\/uploads\/ueber%20die%20Jahre\/2008\/Wasser%202008\/Schulstra\u00dfe%202008\/Deinsen_Wasser_2008-2.jpg 1400w\" sizes=\"auto, (max-width: 1024px) 100vw, 1024px\" \/><\/a><\/figure>\n\n\n\n<figure class=\"wp-block-image size-large\"><a href=\"https:\/\/www.deinsen.de\/wp-content\/uploads\/ueber die Jahre\/2008\/Wasser 2008\/Schulstra\u00dfe 2008\/Deinsen_Wasser_2008-1.jpg\"><img loading=\"lazy\" decoding=\"async\" width=\"1024\" height=\"768\" data-id=\"881\" src=\"https:\/\/www.deinsen.de\/wp-content\/uploads\/ueber die Jahre\/2008\/Wasser 2008\/Schulstra\u00dfe 2008\/Deinsen_Wasser_2008-1-1024x768.jpg\" alt=\"\" class=\"wp-image-881\" srcset=\"https:\/\/www.deinsen.de\/wp-content\/uploads\/ueber%20die%20Jahre\/2008\/Wasser%202008\/Schulstra\u00dfe%202008\/Deinsen_Wasser_2008-1-1024x768.jpg 1024w, https:\/\/www.deinsen.de\/wp-content\/uploads\/ueber%20die%20Jahre\/2008\/Wasser%202008\/Schulstra\u00dfe%202008\/Deinsen_Wasser_2008-1-300x225.jpg 300w, https:\/\/www.deinsen.de\/wp-content\/uploads\/ueber%20die%20Jahre\/2008\/Wasser%202008\/Schulstra\u00dfe%202008\/Deinsen_Wasser_2008-1-768x576.jpg 768w, https:\/\/www.deinsen.de\/wp-content\/uploads\/ueber%20die%20Jahre\/2008\/Wasser%202008\/Schulstra\u00dfe%202008\/Deinsen_Wasser_2008-1.jpg 1400w\" sizes=\"auto, (max-width: 1024px) 100vw, 1024px\" \/><\/a><\/figure>\n<\/figure>\n\n\n\n<p><\/p>\n\n\n\n<p>1.Aug. 2008  Starkregen &#8230; und die Gr\u00e4ben &#8222;Unter dem K\u00fclf&#8220; k\u00f6nnen das Oberfl\u00e4chenwasser vom K\u00fclf nicht aufnehmen. <\/p>\n\n\n\n<figure class=\"wp-block-gallery has-nested-images columns-2 is-cropped wp-block-gallery-2 is-layout-flex wp-block-gallery-is-layout-flex\">\n<figure class=\"wp-block-image size-large\"><a href=\"https:\/\/www.deinsen.de\/wp-content\/uploads\/ueber die Jahre\/2008\/Wasser 2008\/Unter dem K\u00fclf 2008 Wasser\/Deinsen_Kuelf_2008-6.jpg\"><img loading=\"lazy\" decoding=\"async\" width=\"250\" height=\"188\" data-id=\"911\" src=\"https:\/\/www.deinsen.de\/wp-content\/uploads\/ueber die Jahre\/2008\/Wasser 2008\/Unter dem K\u00fclf 2008 Wasser\/Deinsen_Kuelf_2008-6.jpg\" alt=\"\" class=\"wp-image-911\"\/><\/a><\/figure>\n\n\n\n<figure class=\"wp-block-image size-large\"><a href=\"https:\/\/www.deinsen.de\/wp-content\/uploads\/ueber die Jahre\/2008\/Wasser 2008\/Unter dem K\u00fclf 2008 Wasser\/Deinsen_Kuelf_2008-5.jpg\"><img loading=\"lazy\" decoding=\"async\" width=\"600\" height=\"450\" data-id=\"910\" src=\"https:\/\/www.deinsen.de\/wp-content\/uploads\/ueber die Jahre\/2008\/Wasser 2008\/Unter dem K\u00fclf 2008 Wasser\/Deinsen_Kuelf_2008-5.jpg\" alt=\"\" class=\"wp-image-910\" srcset=\"https:\/\/www.deinsen.de\/wp-content\/uploads\/ueber%20die%20Jahre\/2008\/Wasser%202008\/Unter%20dem%20K\u00fclf%202008%20Wasser\/Deinsen_Kuelf_2008-5.jpg 600w, https:\/\/www.deinsen.de\/wp-content\/uploads\/ueber%20die%20Jahre\/2008\/Wasser%202008\/Unter%20dem%20K\u00fclf%202008%20Wasser\/Deinsen_Kuelf_2008-5-300x225.jpg 300w\" sizes=\"auto, (max-width: 600px) 100vw, 600px\" \/><\/a><\/figure>\n\n\n\n<figure class=\"wp-block-image size-large\"><a href=\"https:\/\/www.deinsen.de\/wp-content\/uploads\/ueber die Jahre\/2008\/Wasser 2008\/Unter dem K\u00fclf 2008 Wasser\/Deinsen_Kuelf_2008-4.jpg\"><img loading=\"lazy\" decoding=\"async\" width=\"600\" height=\"450\" data-id=\"909\" src=\"https:\/\/www.deinsen.de\/wp-content\/uploads\/ueber die Jahre\/2008\/Wasser 2008\/Unter dem K\u00fclf 2008 Wasser\/Deinsen_Kuelf_2008-4.jpg\" alt=\"\" class=\"wp-image-909\" srcset=\"https:\/\/www.deinsen.de\/wp-content\/uploads\/ueber%20die%20Jahre\/2008\/Wasser%202008\/Unter%20dem%20K\u00fclf%202008%20Wasser\/Deinsen_Kuelf_2008-4.jpg 600w, https:\/\/www.deinsen.de\/wp-content\/uploads\/ueber%20die%20Jahre\/2008\/Wasser%202008\/Unter%20dem%20K\u00fclf%202008%20Wasser\/Deinsen_Kuelf_2008-4-300x225.jpg 300w\" sizes=\"auto, (max-width: 600px) 100vw, 600px\" \/><\/a><\/figure>\n\n\n\n<figure class=\"wp-block-image size-large\"><a href=\"https:\/\/www.deinsen.de\/wp-content\/uploads\/ueber die Jahre\/2008\/Wasser 2008\/Unter dem K\u00fclf 2008 Wasser\/Deinsen_Kuelf_2008-2.jpg\"><img loading=\"lazy\" decoding=\"async\" width=\"600\" height=\"450\" data-id=\"907\" src=\"https:\/\/www.deinsen.de\/wp-content\/uploads\/ueber die Jahre\/2008\/Wasser 2008\/Unter dem K\u00fclf 2008 Wasser\/Deinsen_Kuelf_2008-2.jpg\" alt=\"\" class=\"wp-image-907\" srcset=\"https:\/\/www.deinsen.de\/wp-content\/uploads\/ueber%20die%20Jahre\/2008\/Wasser%202008\/Unter%20dem%20K\u00fclf%202008%20Wasser\/Deinsen_Kuelf_2008-2.jpg 600w, https:\/\/www.deinsen.de\/wp-content\/uploads\/ueber%20die%20Jahre\/2008\/Wasser%202008\/Unter%20dem%20K\u00fclf%202008%20Wasser\/Deinsen_Kuelf_2008-2-300x225.jpg 300w\" sizes=\"auto, (max-width: 600px) 100vw, 600px\" \/><\/a><\/figure>\n\n\n\n<figure class=\"wp-block-image size-large\"><a href=\"https:\/\/www.deinsen.de\/wp-content\/uploads\/ueber die Jahre\/2008\/Wasser 2008\/Unter dem K\u00fclf 2008 Wasser\/Deinsen_Kuelf_2008-3.jpg\"><img loading=\"lazy\" decoding=\"async\" width=\"600\" height=\"450\" data-id=\"908\" src=\"https:\/\/www.deinsen.de\/wp-content\/uploads\/ueber die Jahre\/2008\/Wasser 2008\/Unter dem K\u00fclf 2008 Wasser\/Deinsen_Kuelf_2008-3.jpg\" alt=\"\" class=\"wp-image-908\" srcset=\"https:\/\/www.deinsen.de\/wp-content\/uploads\/ueber%20die%20Jahre\/2008\/Wasser%202008\/Unter%20dem%20K\u00fclf%202008%20Wasser\/Deinsen_Kuelf_2008-3.jpg 600w, https:\/\/www.deinsen.de\/wp-content\/uploads\/ueber%20die%20Jahre\/2008\/Wasser%202008\/Unter%20dem%20K\u00fclf%202008%20Wasser\/Deinsen_Kuelf_2008-3-300x225.jpg 300w\" sizes=\"auto, (max-width: 600px) 100vw, 600px\" \/><\/a><\/figure>\n\n\n\n<figure class=\"wp-block-image size-large\"><a href=\"https:\/\/www.deinsen.de\/wp-content\/uploads\/ueber die Jahre\/2008\/Wasser 2008\/Unter dem K\u00fclf 2008 Wasser\/Deinsen_Kuelf_2008-1.jpg\"><img loading=\"lazy\" decoding=\"async\" width=\"600\" height=\"450\" data-id=\"906\" src=\"https:\/\/www.deinsen.de\/wp-content\/uploads\/ueber die Jahre\/2008\/Wasser 2008\/Unter dem K\u00fclf 2008 Wasser\/Deinsen_Kuelf_2008-1.jpg\" alt=\"\" class=\"wp-image-906\" srcset=\"https:\/\/www.deinsen.de\/wp-content\/uploads\/ueber%20die%20Jahre\/2008\/Wasser%202008\/Unter%20dem%20K\u00fclf%202008%20Wasser\/Deinsen_Kuelf_2008-1.jpg 600w, https:\/\/www.deinsen.de\/wp-content\/uploads\/ueber%20die%20Jahre\/2008\/Wasser%202008\/Unter%20dem%20K\u00fclf%202008%20Wasser\/Deinsen_Kuelf_2008-1-300x225.jpg 300w\" sizes=\"auto, (max-width: 600px) 100vw, 600px\" \/><\/a><\/figure>\n<\/figure>\n","protected":false},"excerpt":{"rendered":"<p>3.Juli 2008 Bach und Kanalisation k\u00f6nnen den Regen nicht mehr aufnehmen &#8230; Schulstra\u00dfe, Schlesierstra\u00dfe, Schmiedestra\u00dfe stehen unter Wasser in Deinsen 1.Aug. 2008 Starkregen &#8230; und die Gr\u00e4ben &#8222;Unter dem K\u00fclf&#8220;<\/p>\n","protected":false},"author":1,"featured_media":896,"comment_status":"closed","ping_status":"closed","sticky":false,"template":"","format":"standard","meta":{"footnotes":""},"categories":[35],"tags":[],"class_list":["post-917","post","type-post","status-publish","format-standard","has-post-thumbnail","hentry","category-35"],"_links":{"self":[{"href":"https:\/\/www.deinsen.de\/index.php?rest_route=\/wp\/v2\/posts\/917","targetHints":{"allow":["GET"]}}],"collection":[{"href":"https:\/\/www.deinsen.de\/index.php?rest_route=\/wp\/v2\/posts"}],"about":[{"href":"https:\/\/www.deinsen.de\/index.php?rest_route=\/wp\/v2\/types\/post"}],"author":[{"embeddable":true,"href":"https:\/\/www.deinsen.de\/index.php?rest_route=\/wp\/v2\/users\/1"}],"replies":[{"embeddable":true,"href":"https:\/\/www.deinsen.de\/index.php?rest_route=%2Fwp%2Fv2%2Fcomments&post=917"}],"version-history":[{"count":8,"href":"https:\/\/www.deinsen.de\/index.php?rest_route=\/wp\/v2\/posts\/917\/revisions"}],"predecessor-version":[{"id":1878,"href":"https:\/\/www.deinsen.de\/index.php?rest_route=\/wp\/v2\/posts\/917\/revisions\/1878"}],"wp:featuredmedia":[{"embeddable":true,"href":"https:\/\/www.deinsen.de\/index.php?rest_route=\/wp\/v2\/media\/896"}],"wp:attachment":[{"href":"https:\/\/www.deinsen.de\/index.php?rest_route=%2Fwp%2Fv2%2Fmedia&parent=917"}],"wp:term":[{"taxonomy":"category","embeddable":true,"href":"https:\/\/www.deinsen.de\/index.php?rest_route=%2Fwp%2Fv2%2Fcategories&post=917"},{"taxonomy":"post_tag","embeddable":true,"href":"https:\/\/www.deinsen.de\/index.php?rest_route=%2Fwp%2Fv2%2Ftags&post=917"}],"curies":[{"name":"wp","href":"https:\/\/api.w.org\/{rel}","templated":true}]}}